{"id":14564,"date":"2022-01-10T10:09:05","date_gmt":"2022-01-10T10:09:05","guid":{"rendered":"http:\/\/neu.galerie-born.de\/nora-mona-bach-lucy-teasdale-the-way-through-the-woods-2\/"},"modified":"2022-10-15T13:55:54","modified_gmt":"2022-10-15T13:55:54","slug":"%e2%97%8f-berlinbiene-feldemil-bienefeldbiene-feld24-11-2021-22-1-2022","status":"publish","type":"post","link":"https:\/\/galerie-born.de\/en\/%e2%97%8f-berlinbiene-feldemil-bienefeldbiene-feld24-11-2021-22-1-2022\/","title":{"rendered":"\u25cf Berlin<br>Biene Feld, Emil Bienefeld<br><i>BIENEFELD<\/i><br>24 November\u20092021\u2009\u2013\u200922 January\u20092022"},"content":{"rendered":"","protected":false},"excerpt":{"rendered":"","protected":false},"author":1,"featured_media":14582,"comment_status":"closed","ping_status":"closed","sticky":false,"template":"","format":"standard","meta":[],"categories":[65,86],"tags":[],"class_list":["post-14564","post","type-post","status-publish","has-post-thumbnail","hentry","category-archiv","category-biene-feld-emil-bienefeld"],"yoast_head":"<!-- This site is optimized with the Yoast SEO plugin v27.5 - https:\/\/yoast.com\/product\/yoast-seo-wordpress\/ -->\n<title>\u25cf BerlinBiene Feld, Emil BienefeldBIENEFELD24 November\u20092021\u2009\u2013\u200922 January\u20092022 - GALERIE BORN<\/title>\n<meta name=\"robots\" content=\"index, follow, max-snippet:-1, max-image-preview:large, max-video-preview:-1\" \/>\n<link rel=\"canonical\" href=\"https:\/\/galerie-born.de\/en\/\u25cf-berlinbiene-feldemil-bienefeldbiene-feld24-11-2021-22-1-2022\/\" \/>\n<meta property=\"og:locale\" content=\"en_US\" \/>\n<meta property=\"og:type\" content=\"article\" \/>\n<meta property=\"og:title\" content=\"\u25cf BerlinBiene Feld, Emil BienefeldBIENEFELD24 November\u20092021\u2009\u2013\u200922 January\u20092022 - GALERIE BORN\" \/>\n<meta property=\"og:url\" content=\"https:\/\/galerie-born.de\/en\/\u25cf-berlinbiene-feldemil-bienefeldbiene-feld24-11-2021-22-1-2022\/\" \/>\n<meta property=\"og:site_name\" content=\"GALERIE BORN\" \/>\n<meta property=\"article:published_time\" content=\"2022-01-10T10:09:05+00:00\" \/>\n<meta property=\"article:modified_time\" content=\"2022-10-15T13:55:54+00:00\" \/>\n<meta property=\"og:image\" content=\"https:\/\/galerie-born.de\/wp-content\/uploads\/2022\/06\/Emil-Bienefeld-Rockstar-2021-Acryl-auf-Leinwand-70-x-40-cm-1.jpg\" \/>\n\t<meta property=\"og:image:width\" content=\"1105\" \/>\n\t<meta property=\"og:image:height\" content=\"1920\" \/>\n\t<meta property=\"og:image:type\" content=\"image\/jpeg\" \/>\n<meta name=\"author\" content=\"admin\" \/>\n<meta name=\"twitter:card\" content=\"summary_large_image\" \/>\n<meta name=\"twitter:label1\" content=\"Written by\" \/>\n\t<meta name=\"twitter:data1\" content=\"admin\" \/>\n<script type=\"application\/ld+json\" class=\"yoast-schema-graph\">{\"@context\":\"https:\\\/\\\/schema.org\",\"@graph\":[{\"@type\":\"Article\",\"@id\":\"https:\\\/\\\/galerie-born.de\\\/%e2%97%8f-berlinbiene-feldemil-bienefeldbiene-feld24-11-2021-22-1-2022\\\/#article\",\"isPartOf\":{\"@id\":\"https:\\\/\\\/galerie-born.de\\\/%e2%97%8f-berlinbiene-feldemil-bienefeldbiene-feld24-11-2021-22-1-2022\\\/\"},\"author\":{\"name\":\"admin\",\"@id\":\"https:\\\/\\\/galerie-born.de\\\/#\\\/schema\\\/person\\\/3f5bcaab814588d5c898904da4feccd7\"},\"headline\":\"\u25cf Berlin Biene Feld, Emil Bienefeld BIENEFELD 24 November\u20092021\u2009\u2013\u200922 January\u20092022\",\"datePublished\":\"2022-01-10T10:09:05+00:00\",\"dateModified\":\"2022-10-15T13:55:54+00:00\",\"mainEntityOfPage\":{\"@id\":\"https:\\\/\\\/galerie-born.de\\\/%e2%97%8f-berlinbiene-feldemil-bienefeldbiene-feld24-11-2021-22-1-2022\\\/\"},\"wordCount\":14,\"publisher\":{\"@id\":\"https:\\\/\\\/galerie-born.de\\\/#organization\"},\"image\":{\"@id\":\"https:\\\/\\\/galerie-born.de\\\/%e2%97%8f-berlinbiene-feldemil-bienefeldbiene-feld24-11-2021-22-1-2022\\\/#primaryimage\"},\"thumbnailUrl\":\"https:\\\/\\\/galerie-born.de\\\/wp-content\\\/uploads\\\/2022\\\/06\\\/Emil-Bienefeld-Rockstar-2021-Acryl-auf-Leinwand-70-x-40-cm-1.jpg\",\"articleSection\":[\"Archiv\",\"Biene Feld + Emil Bienefeld\"],\"inLanguage\":\"en-US\"},{\"@type\":\"WebPage\",\"@id\":\"https:\\\/\\\/galerie-born.de\\\/en\\\/%e2%97%8f-berlinbiene-feldemil-bienefeldbiene-feld24-11-2021-22-1-2022\\\/\",\"url\":\"https:\\\/\\\/galerie-born.de\\\/en\\\/%e2%97%8f-berlinbiene-feldemil-bienefeldbiene-feld24-11-2021-22-1-2022\\\/\",\"name\":\"\u25cf Berlin Biene Feld, Emil Bienefeld BIENEFELD 24 November\u20092021\u2009\u2013\u200922 January\u20092022 - GALERIE BORN\",\"isPartOf\":{\"@id\":\"https:\\\/\\\/galerie-born.de\\\/en\\\/#website\"},\"primaryImageOfPage\":{\"@id\":\"https:\\\/\\\/galerie-born.de\\\/en\\\/%e2%97%8f-berlinbiene-feldemil-bienefeldbiene-feld24-11-2021-22-1-2022\\\/#primaryimage\"},\"image\":{\"@id\":\"https:\\\/\\\/galerie-born.de\\\/%e2%97%8f-berlinbiene-feldemil-bienefeldbiene-feld24-11-2021-22-1-2022\\\/#primaryimage\"},\"thumbnailUrl\":\"https:\\\/\\\/galerie-born.de\\\/wp-content\\\/uploads\\\/2022\\\/06\\\/Emil-Bienefeld-Rockstar-2021-Acryl-auf-Leinwand-70-x-40-cm-1.jpg\",\"datePublished\":\"2022-01-10T10:09:05+00:00\",\"dateModified\":\"2022-10-15T13:55:54+00:00\",\"breadcrumb\":{\"@id\":\"https:\\\/\\\/galerie-born.de\\\/en\\\/%e2%97%8f-berlinbiene-feldemil-bienefeldbiene-feld24-11-2021-22-1-2022\\\/#breadcrumb\"},\"inLanguage\":\"en-US\",\"potentialAction\":[{\"@type\":\"ReadAction\",\"target\":[[\"https:\\\/\\\/galerie-born.de\\\/en\\\/%e2%97%8f-berlinbiene-feldemil-bienefeldbiene-feld24-11-2021-22-1-2022\\\/\"]]}]},{\"@type\":\"ImageObject\",\"inLanguage\":\"en-US\",\"@id\":\"https:\\\/\\\/galerie-born.de\\\/en\\\/%e2%97%8f-berlinbiene-feldemil-bienefeldbiene-feld24-11-2021-22-1-2022\\\/#primaryimage\",\"url\":\"https:\\\/\\\/galerie-born.de\\\/wp-content\\\/uploads\\\/2022\\\/06\\\/Emil-Bienefeld-Rockstar-2021-Acryl-auf-Leinwand-70-x-40-cm-1.jpg\",\"contentUrl\":\"https:\\\/\\\/galerie-born.de\\\/wp-content\\\/uploads\\\/2022\\\/06\\\/Emil-Bienefeld-Rockstar-2021-Acryl-auf-Leinwand-70-x-40-cm-1.jpg\",\"width\":1105,\"height\":1920},{\"@type\":\"BreadcrumbList\",\"@id\":\"https:\\\/\\\/galerie-born.de\\\/en\\\/%e2%97%8f-berlinbiene-feldemil-bienefeldbiene-feld24-11-2021-22-1-2022\\\/#breadcrumb\",\"itemListElement\":[{\"@type\":\"ListItem\",\"position\":1,\"name\":\"Startseite\",\"item\":\"https:\\\/\\\/galerie-born.de\\\/en\\\/\"},{\"@type\":\"ListItem\",\"position\":2,\"name\":\"\u25cf BerlinBiene Feld, Emil BienefeldBIENEFELD24.11.\u20092021\u2009\u2013\u200922.1.\u20092022\"}]},{\"@type\":\"WebSite\",\"@id\":\"https:\\\/\\\/galerie-born.de\\\/en\\\/#website\",\"url\":\"https:\\\/\\\/galerie-born.de\\\/en\\\/\",\"name\":\"GALERIE BORN\",\"description\":\"GALLERY BORN\",\"publisher\":{\"@id\":\"https:\\\/\\\/galerie-born.de\\\/en\\\/#organization\"},\"potentialAction\":[{\"@type\":\"SearchAction\",\"target\":{\"@type\":\"EntryPoint\",\"urlTemplate\":\"https:\\\/\\\/galerie-born.de\\\/en\\\/?s={search_term_string}\"},\"query-input\":{\"@type\":\"PropertyValueSpecification\",\"valueRequired\":true,\"valueName\":\"search_term_string\"}}],\"inLanguage\":\"en-US\"},{\"@type\":\"Organization\",\"@id\":\"https:\\\/\\\/galerie-born.de\\\/en\\\/#organization\",\"name\":\"GALERIE BORN\",\"url\":\"https:\\\/\\\/galerie-born.de\\\/en\\\/\",\"logo\":{\"@type\":\"ImageObject\",\"inLanguage\":\"en-US\",\"@id\":\"https:\\\/\\\/galerie-born.de\\\/en\\\/#\\\/schema\\\/logo\\\/image\\\/\",\"url\":\"https:\\\/\\\/galerie-born.de\\\/wp-content\\\/uploads\\\/2025\\\/10\\\/cropped-Galeri-born-favicon.png\",\"contentUrl\":\"https:\\\/\\\/galerie-born.de\\\/wp-content\\\/uploads\\\/2025\\\/10\\\/cropped-Galeri-born-favicon.png\",\"width\":512,\"height\":512,\"caption\":\"GALERIE BORN\"},\"image\":{\"@id\":\"https:\\\/\\\/galerie-born.de\\\/en\\\/#\\\/schema\\\/logo\\\/image\\\/\"}},{\"@type\":\"Person\",\"@id\":\"https:\\\/\\\/galerie-born.de\\\/#\\\/schema\\\/person\\\/3f5bcaab814588d5c898904da4feccd7\",\"name\":\"admin\",\"image\":{\"@type\":\"ImageObject\",\"inLanguage\":\"en-US\",\"@id\":\"https:\\\/\\\/secure.gravatar.com\\\/avatar\\\/b187a62584e89a20ee9c55ace28583ac9ff787a32e4ba5ca7712ac65a2c94143?s=96&d=mm&r=g\",\"url\":\"https:\\\/\\\/secure.gravatar.com\\\/avatar\\\/b187a62584e89a20ee9c55ace28583ac9ff787a32e4ba5ca7712ac65a2c94143?s=96&d=mm&r=g\",\"contentUrl\":\"https:\\\/\\\/secure.gravatar.com\\\/avatar\\\/b187a62584e89a20ee9c55ace28583ac9ff787a32e4ba5ca7712ac65a2c94143?s=96&d=mm&r=g\",\"caption\":\"admin\"},\"sameAs\":[\"http:\\\/\\\/galerie-born.de\"],\"url\":\"https:\\\/\\\/galerie-born.de\\\/en\\\/author\\\/admin\\\/\"}]}<\/script>\n<!-- \/ Yoast SEO plugin. -->","yoast_head_json":{"title":"\u25cf BerlinBiene Feld, Emil BienefeldBIENEFELD24 November\u20092021\u2009\u2013\u200922 January\u20092022 - GALERIE BORN","robots":{"index":"index","follow":"follow","max-snippet":"max-snippet:-1","max-image-preview":"max-image-preview:large","max-video-preview":"max-video-preview:-1"},"canonical":"https:\/\/galerie-born.de\/en\/\u25cf-berlinbiene-feldemil-bienefeldbiene-feld24-11-2021-22-1-2022\/","og_locale":"en_US","og_type":"article","og_title":"\u25cf BerlinBiene Feld, Emil BienefeldBIENEFELD24 November\u20092021\u2009\u2013\u200922 January\u20092022 - GALERIE BORN","og_url":"https:\/\/galerie-born.de\/en\/\u25cf-berlinbiene-feldemil-bienefeldbiene-feld24-11-2021-22-1-2022\/","og_site_name":"GALERIE BORN","article_published_time":"2022-01-10T10:09:05+00:00","article_modified_time":"2022-10-15T13:55:54+00:00","og_image":[{"width":1105,"height":1920,"url":"https:\/\/galerie-born.de\/wp-content\/uploads\/2022\/06\/Emil-Bienefeld-Rockstar-2021-Acryl-auf-Leinwand-70-x-40-cm-1.jpg","type":"image\/jpeg"}],"author":"admin","twitter_card":"summary_large_image","twitter_misc":{"Written by":"admin"},"schema":{"@context":"https:\/\/schema.org","@graph":[{"@type":"Article","@id":"https:\/\/galerie-born.de\/%e2%97%8f-berlinbiene-feldemil-bienefeldbiene-feld24-11-2021-22-1-2022\/#article","isPartOf":{"@id":"https:\/\/galerie-born.de\/%e2%97%8f-berlinbiene-feldemil-bienefeldbiene-feld24-11-2021-22-1-2022\/"},"author":{"name":"admin","@id":"https:\/\/galerie-born.de\/#\/schema\/person\/3f5bcaab814588d5c898904da4feccd7"},"headline":"\u25cf Berlin Biene Feld, Emil Bienefeld BIENEFELD 24 November\u20092021\u2009\u2013\u200922 January\u20092022","datePublished":"2022-01-10T10:09:05+00:00","dateModified":"2022-10-15T13:55:54+00:00","mainEntityOfPage":{"@id":"https:\/\/galerie-born.de\/%e2%97%8f-berlinbiene-feldemil-bienefeldbiene-feld24-11-2021-22-1-2022\/"},"wordCount":14,"publisher":{"@id":"https:\/\/galerie-born.de\/#organization"},"image":{"@id":"https:\/\/galerie-born.de\/%e2%97%8f-berlinbiene-feldemil-bienefeldbiene-feld24-11-2021-22-1-2022\/#primaryimage"},"thumbnailUrl":"https:\/\/galerie-born.de\/wp-content\/uploads\/2022\/06\/Emil-Bienefeld-Rockstar-2021-Acryl-auf-Leinwand-70-x-40-cm-1.jpg","articleSection":["Archiv","Biene Feld + Emil Bienefeld"],"inLanguage":"en-US"},{"@type":"WebPage","@id":"https:\/\/galerie-born.de\/en\/%e2%97%8f-berlinbiene-feldemil-bienefeldbiene-feld24-11-2021-22-1-2022\/","url":"https:\/\/galerie-born.de\/en\/%e2%97%8f-berlinbiene-feldemil-bienefeldbiene-feld24-11-2021-22-1-2022\/","name":"\u25cf Berlin Biene Feld, Emil Bienefeld BIENEFELD 24 November\u20092021\u2009\u2013\u200922 January\u20092022 - GALERIE BORN","isPartOf":{"@id":"https:\/\/galerie-born.de\/en\/#website"},"primaryImageOfPage":{"@id":"https:\/\/galerie-born.de\/en\/%e2%97%8f-berlinbiene-feldemil-bienefeldbiene-feld24-11-2021-22-1-2022\/#primaryimage"},"image":{"@id":"https:\/\/galerie-born.de\/%e2%97%8f-berlinbiene-feldemil-bienefeldbiene-feld24-11-2021-22-1-2022\/#primaryimage"},"thumbnailUrl":"https:\/\/galerie-born.de\/wp-content\/uploads\/2022\/06\/Emil-Bienefeld-Rockstar-2021-Acryl-auf-Leinwand-70-x-40-cm-1.jpg","datePublished":"2022-01-10T10:09:05+00:00","dateModified":"2022-10-15T13:55:54+00:00","breadcrumb":{"@id":"https:\/\/galerie-born.de\/en\/%e2%97%8f-berlinbiene-feldemil-bienefeldbiene-feld24-11-2021-22-1-2022\/#breadcrumb"},"inLanguage":"en-US","potentialAction":[{"@type":"ReadAction","target":[["https:\/\/galerie-born.de\/en\/%e2%97%8f-berlinbiene-feldemil-bienefeldbiene-feld24-11-2021-22-1-2022\/"]]}]},{"@type":"ImageObject","inLanguage":"en-US","@id":"https:\/\/galerie-born.de\/en\/%e2%97%8f-berlinbiene-feldemil-bienefeldbiene-feld24-11-2021-22-1-2022\/#primaryimage","url":"https:\/\/galerie-born.de\/wp-content\/uploads\/2022\/06\/Emil-Bienefeld-Rockstar-2021-Acryl-auf-Leinwand-70-x-40-cm-1.jpg","contentUrl":"https:\/\/galerie-born.de\/wp-content\/uploads\/2022\/06\/Emil-Bienefeld-Rockstar-2021-Acryl-auf-Leinwand-70-x-40-cm-1.jpg","width":1105,"height":1920},{"@type":"BreadcrumbList","@id":"https:\/\/galerie-born.de\/en\/%e2%97%8f-berlinbiene-feldemil-bienefeldbiene-feld24-11-2021-22-1-2022\/#breadcrumb","itemListElement":[{"@type":"ListItem","position":1,"name":"Startseite","item":"https:\/\/galerie-born.de\/en\/"},{"@type":"ListItem","position":2,"name":"\u25cf BerlinBiene Feld, Emil BienefeldBIENEFELD24.11.\u20092021\u2009\u2013\u200922.1.\u20092022"}]},{"@type":"WebSite","@id":"https:\/\/galerie-born.de\/en\/#website","url":"https:\/\/galerie-born.de\/en\/","name":"GALERIE BORN","description":"GALLERY BORN","publisher":{"@id":"https:\/\/galerie-born.de\/en\/#organization"},"potentialAction":[{"@type":"SearchAction","target":{"@type":"EntryPoint","urlTemplate":"https:\/\/galerie-born.de\/en\/?s={search_term_string}"},"query-input":{"@type":"PropertyValueSpecification","valueRequired":true,"valueName":"search_term_string"}}],"inLanguage":"en-US"},{"@type":"Organization","@id":"https:\/\/galerie-born.de\/en\/#organization","name":"GALERIE BORN","url":"https:\/\/galerie-born.de\/en\/","logo":{"@type":"ImageObject","inLanguage":"en-US","@id":"https:\/\/galerie-born.de\/en\/#\/schema\/logo\/image\/","url":"https:\/\/galerie-born.de\/wp-content\/uploads\/2025\/10\/cropped-Galeri-born-favicon.png","contentUrl":"https:\/\/galerie-born.de\/wp-content\/uploads\/2025\/10\/cropped-Galeri-born-favicon.png","width":512,"height":512,"caption":"GALERIE BORN"},"image":{"@id":"https:\/\/galerie-born.de\/en\/#\/schema\/logo\/image\/"}},{"@type":"Person","@id":"https:\/\/galerie-born.de\/#\/schema\/person\/3f5bcaab814588d5c898904da4feccd7","name":"admin","image":{"@type":"ImageObject","inLanguage":"en-US","@id":"https:\/\/secure.gravatar.com\/avatar\/b187a62584e89a20ee9c55ace28583ac9ff787a32e4ba5ca7712ac65a2c94143?s=96&d=mm&r=g","url":"https:\/\/secure.gravatar.com\/avatar\/b187a62584e89a20ee9c55ace28583ac9ff787a32e4ba5ca7712ac65a2c94143?s=96&d=mm&r=g","contentUrl":"https:\/\/secure.gravatar.com\/avatar\/b187a62584e89a20ee9c55ace28583ac9ff787a32e4ba5ca7712ac65a2c94143?s=96&d=mm&r=g","caption":"admin"},"sameAs":["http:\/\/galerie-born.de"],"url":"https:\/\/galerie-born.de\/en\/author\/admin\/"}]}},"grid":"{\r\n  \"colCount\": 12,\r\n  \"colGutter\": 1,\r\n  \"rowGutters\": [\r\n    3,\r\n    0.5,\r\n    3,\r\n    3\r\n  ],\r\n  \"frameMargin\": 5,\r\n  \"leftFrameMargin\": 1,\r\n  \"rightFrameMargin\": 1,\r\n  \"topFrameMargin\": 1,\r\n  \"bottomFrameMargin\": 10,\r\n  \"rowAttrs\": [\r\n    {},\r\n    {},\r\n    {},\r\n    {},\r\n    {}\r\n  ],\r\n  \"bgColor\": null,\r\n  \"cont\": [\r\n    {\r\n      \"type\": \"text\",\r\n      \"cont\": \"<p>\u25cf Berlin<\/p><p>Biene Feld, Emil Bienefeld<br \/><em>BIENEFELD <\/em><br \/>24 November\u20092021\u2009\u2013\u200922 January\u20092022<\/p>\",\r\n      \"align\": \"top\",\r\n      \"row\": 0,\r\n      \"col\": 3,\r\n      \"colspan\": 8,\r\n      \"offsetx\": 0,\r\n      \"offsety\": 0,\r\n      \"spaceabove\": 0,\r\n      \"spacebelow\": 0,\r\n      \"yvel\": 1,\r\n      \"push\": 3,\r\n      \"relid\": 387,\r\n      \"absolute_position\": false\r\n    },\r\n    {\r\n      \"type\": \"text\",\r\n      \"cont\": \"<p>Arbeiten<\/p>\",\r\n      \"align\": \"top\",\r\n      \"row\": 1,\r\n      \"col\": 3,\r\n      \"colspan\": 8,\r\n      \"offsetx\": 0,\r\n      \"offsety\": 0,\r\n      \"spaceabove\": 0,\r\n      \"spacebelow\": 0,\r\n      \"yvel\": 1,\r\n      \"push\": 3,\r\n      \"relid\": 6,\r\n      \"absolute_position\": false\r\n    },\r\n    {\r\n      \"type\": \"elementgrid\",\r\n      \"cont\": \"\",\r\n      \"align\": \"top\",\r\n      \"row\": 2,\r\n      \"col\": 3,\r\n      \"colspan\": 8,\r\n      \"offsetx\": 0,\r\n      \"offsety\": 0,\r\n      \"spaceabove\": 0,\r\n      \"spacebelow\": 0,\r\n      \"yvel\": 1,\r\n      \"push\": 3,\r\n      \"relid\": 419,\r\n      \"config\": {\r\n        \"desktop\": {\r\n          \"colCount\": 12,\r\n          \"colGutter\": 0.5,\r\n          \"rowGutter\": 0.5\r\n        },\r\n        \"tablet\": {\r\n          \"colCount\": 2,\r\n          \"colGutter\": 1,\r\n          \"rowGutter\": 1\r\n        },\r\n        \"phone\": {\r\n          \"colCount\": 1,\r\n          \"colGutter\": 1,\r\n          \"rowGutter\": 1\r\n        },\r\n        \"layoutType\": \"top-aligned\",\r\n        \"elements\": [\r\n          {\r\n            \"type\": \"img\",\r\n            \"attid\": 13671,\r\n            \"cont\": \"\/wp-content\/uploads\/2022\/06\/BieneFeld-Wind-4-2021-Tusche-Papier-30-x-21-cm.jpg\",\r\n            \"sizes\": {\r\n              \"full\": \"\/wp-content\/uploads\/2022\/06\/BieneFeld-Wind-4-2021-Tusche-Papier-30-x-21-cm.jpg\",\r\n              \"_1280\": \"\/wp-content\/uploads\/2022\/06\/BieneFeld-Wind-4-2021-Tusche-Papier-30-x-21-cm-1280x1808.jpg\",\r\n              \"_1024\": \"\/wp-content\/uploads\/2022\/06\/BieneFeld-Wind-4-2021-Tusche-Papier-30-x-21-cm-1024x1447.jpg\",\r\n              \"_768\": \"\/wp-content\/uploads\/2022\/06\/BieneFeld-Wind-4-2021-Tusche-Papier-30-x-21-cm-768x1085.jpg\",\r\n              \"_512\": \"\/wp-content\/uploads\/2022\/06\/BieneFeld-Wind-4-2021-Tusche-Papier-30-x-21-cm-512x723.jpg\",\r\n              \"_265\": \"\/wp-content\/uploads\/2022\/06\/BieneFeld-Wind-4-2021-Tusche-Papier-30-x-21-cm-265x374.jpg\"\r\n            },\r\n            \"w\": 1359,\r\n            \"h\": 1920,\r\n            \"ar\": 1.4128035320088301,\r\n            \"alt\": \"\",\r\n            \"lightbox_caption\": \"<p class=\\\"_BU\\\">Biene Feld - Wind #4, 2021, Tusche, Papier, 30 x 21 cm<\/p>\"\r\n          },\r\n          {\r\n            \"type\": \"img\",\r\n            \"attid\": 13670,\r\n            \"cont\": \"\/wp-content\/uploads\/2022\/06\/BieneFeld-Wind-3-2021-Tusche-Papier-30-x-21-cm.jpg\",\r\n            \"sizes\": {\r\n              \"full\": \"\/wp-content\/uploads\/2022\/06\/BieneFeld-Wind-3-2021-Tusche-Papier-30-x-21-cm.jpg\",\r\n              \"_1280\": \"\/wp-content\/uploads\/2022\/06\/BieneFeld-Wind-3-2021-Tusche-Papier-30-x-21-cm-1280x1806.jpg\",\r\n              \"_1024\": \"\/wp-content\/uploads\/2022\/06\/BieneFeld-Wind-3-2021-Tusche-Papier-30-x-21-cm-1024x1445.jpg\",\r\n              \"_768\": \"\/wp-content\/uploads\/2022\/06\/BieneFeld-Wind-3-2021-Tusche-Papier-30-x-21-cm-768x1083.jpg\",\r\n              \"_512\": \"\/wp-content\/uploads\/2022\/06\/BieneFeld-Wind-3-2021-Tusche-Papier-30-x-21-cm-512x722.jpg\",\r\n              \"_265\": \"\/wp-content\/uploads\/2022\/06\/BieneFeld-Wind-3-2021-Tusche-Papier-30-x-21-cm-265x374.jpg\"\r\n            },\r\n            \"w\": 1361,\r\n            \"h\": 1920,\r\n            \"ar\": 1.4107274063188833,\r\n            \"alt\": \"\",\r\n            \"lightbox_caption\": \"<p class=\\\"_BU\\\">Biene Feld - Wind #3, 2021, Tusche, Papier, 30 x 21 cm<\/p>\"\r\n          },\r\n          {\r\n            \"type\": \"img\",\r\n            \"attid\": 13669,\r\n            \"cont\": \"\/wp-content\/uploads\/2022\/06\/BieneFeld-Wind-2-2021-Tusche-Papier-30-x-21-cm.jpg\",\r\n            \"sizes\": {\r\n              \"full\": \"\/wp-content\/uploads\/2022\/06\/BieneFeld-Wind-2-2021-Tusche-Papier-30-x-21-cm.jpg\",\r\n              \"_1280\": \"\/wp-content\/uploads\/2022\/06\/BieneFeld-Wind-2-2021-Tusche-Papier-30-x-21-cm-1280x1798.jpg\",\r\n              \"_1024\": \"\/wp-content\/uploads\/2022\/06\/BieneFeld-Wind-2-2021-Tusche-Papier-30-x-21-cm-1024x1438.jpg\",\r\n              \"_768\": \"\/wp-content\/uploads\/2022\/06\/BieneFeld-Wind-2-2021-Tusche-Papier-30-x-21-cm-768x1079.jpg\",\r\n              \"_512\": \"\/wp-content\/uploads\/2022\/06\/BieneFeld-Wind-2-2021-Tusche-Papier-30-x-21-cm-512x719.jpg\",\r\n              \"_265\": \"\/wp-content\/uploads\/2022\/06\/BieneFeld-Wind-2-2021-Tusche-Papier-30-x-21-cm-265x372.jpg\"\r\n            },\r\n            \"w\": 1367,\r\n            \"h\": 1920,\r\n            \"ar\": 1.4045354791514264,\r\n            \"alt\": \"\",\r\n            \"lightbox_caption\": \"<p class=\\\"_BU\\\">Biene Feld - Wind #2, 2021, Tusche, Papier, 30 x 21 cm<\/p>\"\r\n          },\r\n          {\r\n            \"type\": \"img\",\r\n            \"attid\": 13668,\r\n            \"cont\": \"\/wp-content\/uploads\/2022\/06\/BieneFeld-Wind-1-2021-Tusche-Papier-30-x-21-cm.jpg\",\r\n            \"sizes\": {\r\n              \"full\": \"\/wp-content\/uploads\/2022\/06\/BieneFeld-Wind-1-2021-Tusche-Papier-30-x-21-cm.jpg\",\r\n              \"_1280\": \"\/wp-content\/uploads\/2022\/06\/BieneFeld-Wind-1-2021-Tusche-Papier-30-x-21-cm-1280x1803.jpg\",\r\n              \"_1024\": \"\/wp-content\/uploads\/2022\/06\/BieneFeld-Wind-1-2021-Tusche-Papier-30-x-21-cm-1024x1442.jpg\",\r\n              \"_768\": \"\/wp-content\/uploads\/2022\/06\/BieneFeld-Wind-1-2021-Tusche-Papier-30-x-21-cm-768x1082.jpg\",\r\n              \"_512\": \"\/wp-content\/uploads\/2022\/06\/BieneFeld-Wind-1-2021-Tusche-Papier-30-x-21-cm-512x721.jpg\",\r\n              \"_265\": \"\/wp-content\/uploads\/2022\/06\/BieneFeld-Wind-1-2021-Tusche-Papier-30-x-21-cm-265x373.jpg\"\r\n            },\r\n            \"w\": 1363,\r\n            \"h\": 1920,\r\n            \"ar\": 1.408657373440939,\r\n            \"alt\": \"\",\r\n            \"lightbox_caption\": \"<p class=\\\"_BU\\\">Biene Feld - Wind #1, 2021, Tusche, Papier, 30 x 21 cm<\/p>\"\r\n          },\r\n          {\r\n            \"type\": \"img\",\r\n            \"attid\": 13661,\r\n            \"cont\": \"\/wp-content\/uploads\/2022\/06\/BieneFeld-Souls-5-2021-Kohle-Grafit-Acryl-Leinwand-o-80-cm.jpg\",\r\n            \"sizes\": {\r\n              \"full\": \"\/wp-content\/uploads\/2022\/06\/BieneFeld-Souls-5-2021-Kohle-Grafit-Acryl-Leinwand-o-80-cm.jpg\",\r\n              \"_1280\": \"\/wp-content\/uploads\/2022\/06\/BieneFeld-Souls-5-2021-Kohle-Grafit-Acryl-Leinwand-o-80-cm-1280x1280.jpg\",\r\n              \"_1024\": \"\/wp-content\/uploads\/2022\/06\/BieneFeld-Souls-5-2021-Kohle-Grafit-Acryl-Leinwand-o-80-cm-1024x1024.jpg\",\r\n              \"_768\": \"\/wp-content\/uploads\/2022\/06\/BieneFeld-Souls-5-2021-Kohle-Grafit-Acryl-Leinwand-o-80-cm-768x768.jpg\",\r\n              \"_512\": \"\/wp-content\/uploads\/2022\/06\/BieneFeld-Souls-5-2021-Kohle-Grafit-Acryl-Leinwand-o-80-cm-512x512.jpg\",\r\n              \"_265\": \"\/wp-content\/uploads\/2022\/06\/BieneFeld-Souls-5-2021-Kohle-Grafit-Acryl-Leinwand-o-80-cm-265x265.jpg\"\r\n            },\r\n            \"w\": 1920,\r\n            \"h\": 1920,\r\n            \"ar\": 1,\r\n            \"alt\": \"\",\r\n            \"lightbox_caption\": \"<p class=\\\"_BU\\\">Biene Feld - Souls #5, 2021, Kohle, Grafit, Acryl, Leinwand, \u00f8 80 cm<\/p>\"\r\n          },\r\n          {\r\n            \"type\": \"img\",\r\n            \"attid\": 13662,\r\n            \"cont\": \"\/wp-content\/uploads\/2022\/06\/BieneFeld-Souls-6-2021-Kohle-Grafit-Acryl-Leinwand-90-x-200-cm.jpg\",\r\n            \"sizes\": {\r\n              \"full\": \"\/wp-content\/uploads\/2022\/06\/BieneFeld-Souls-6-2021-Kohle-Grafit-Acryl-Leinwand-90-x-200-cm.jpg\",\r\n              \"_1280\": \"\/wp-content\/uploads\/2022\/06\/BieneFeld-Souls-6-2021-Kohle-Grafit-Acryl-Leinwand-90-x-200-cm-1280x579.jpg\",\r\n              \"_1024\": \"\/wp-content\/uploads\/2022\/06\/BieneFeld-Souls-6-2021-Kohle-Grafit-Acryl-Leinwand-90-x-200-cm-1024x463.jpg\",\r\n              \"_768\": \"\/wp-content\/uploads\/2022\/06\/BieneFeld-Souls-6-2021-Kohle-Grafit-Acryl-Leinwand-90-x-200-cm-768x347.jpg\",\r\n              \"_512\": \"\/wp-content\/uploads\/2022\/06\/BieneFeld-Souls-6-2021-Kohle-Grafit-Acryl-Leinwand-90-x-200-cm-512x231.jpg\",\r\n              \"_265\": \"\/wp-content\/uploads\/2022\/06\/BieneFeld-Souls-6-2021-Kohle-Grafit-Acryl-Leinwand-90-x-200-cm-265x120.jpg\"\r\n            },\r\n            \"w\": 1920,\r\n            \"h\": 868,\r\n            \"ar\": 0.45208333333333334,\r\n            \"alt\": \"\",\r\n            \"lightbox_caption\": \"<p class=\\\"_BU\\\">Biene Feld - Souls #6, 2021, Kohle, Grafit, Acryl, Leinwand, 90 x 200 cm<\/p>\"\r\n          },\r\n          {\r\n            \"type\": \"img\",\r\n            \"attid\": 13660,\r\n            \"cont\": \"\/wp-content\/uploads\/2022\/06\/BieneFeld-Souls-4-2021-Acryl-Kugelschreiber-Papier-100-x-68-cm.jpg\",\r\n            \"sizes\": {\r\n              \"full\": \"\/wp-content\/uploads\/2022\/06\/BieneFeld-Souls-4-2021-Acryl-Kugelschreiber-Papier-100-x-68-cm.jpg\",\r\n              \"_1280\": \"\/wp-content\/uploads\/2022\/06\/BieneFeld-Souls-4-2021-Acryl-Kugelschreiber-Papier-100-x-68-cm-1280x1830.jpg\",\r\n              \"_1024\": \"\/wp-content\/uploads\/2022\/06\/BieneFeld-Souls-4-2021-Acryl-Kugelschreiber-Papier-100-x-68-cm-1024x1464.jpg\",\r\n              \"_768\": \"\/wp-content\/uploads\/2022\/06\/BieneFeld-Souls-4-2021-Acryl-Kugelschreiber-Papier-100-x-68-cm-768x1098.jpg\",\r\n              \"_512\": \"\/wp-content\/uploads\/2022\/06\/BieneFeld-Souls-4-2021-Acryl-Kugelschreiber-Papier-100-x-68-cm-512x732.jpg\",\r\n              \"_265\": \"\/wp-content\/uploads\/2022\/06\/BieneFeld-Souls-4-2021-Acryl-Kugelschreiber-Papier-100-x-68-cm-265x379.jpg\"\r\n            },\r\n            \"w\": 1343,\r\n            \"h\": 1920,\r\n            \"ar\": 1.4296351451973195,\r\n            \"alt\": \"\",\r\n            \"lightbox_caption\": \"<p class=\\\"_BU\\\">Biene Feld - Souls #4, 2021, Acryl, Kugelschreiber, Papier, 100 x 68 cm<\/p>\"\r\n          },\r\n          {\r\n            \"type\": \"img\",\r\n            \"attid\": 14567,\r\n            \"cont\": \"\/wp-content\/uploads\/2022\/06\/BieneFeld-\u2013-Verzauberung-9-2021-Acryl-Tusche-Guache-auf-Papier-120-x-90-cm-1.jpg\",\r\n            \"sizes\": {\r\n              \"full\": \"\/wp-content\/uploads\/2022\/06\/BieneFeld-\u2013-Verzauberung-9-2021-Acryl-Tusche-Guache-auf-Papier-120-x-90-cm-1.jpg\",\r\n              \"_1280\": \"\/wp-content\/uploads\/2022\/06\/BieneFeld-\u2013-Verzauberung-9-2021-Acryl-Tusche-Guache-auf-Papier-120-x-90-cm-1-1280x1708.jpg\",\r\n              \"_1024\": \"\/wp-content\/uploads\/2022\/06\/BieneFeld-\u2013-Verzauberung-9-2021-Acryl-Tusche-Guache-auf-Papier-120-x-90-cm-1-1024x1366.jpg\",\r\n              \"_768\": \"\/wp-content\/uploads\/2022\/06\/BieneFeld-\u2013-Verzauberung-9-2021-Acryl-Tusche-Guache-auf-Papier-120-x-90-cm-1-768x1025.jpg\",\r\n              \"_512\": \"\/wp-content\/uploads\/2022\/06\/BieneFeld-\u2013-Verzauberung-9-2021-Acryl-Tusche-Guache-auf-Papier-120-x-90-cm-1-512x683.jpg\",\r\n              \"_265\": \"\/wp-content\/uploads\/2022\/06\/BieneFeld-\u2013-Verzauberung-9-2021-Acryl-Tusche-Guache-auf-Papier-120-x-90-cm-1-265x354.jpg\"\r\n            },\r\n            \"w\": 1439,\r\n            \"h\": 1920,\r\n            \"ar\": 1.3342599027102153,\r\n            \"alt\": \"\",\r\n            \"lightbox_caption\": \"<p class=\\\"_BU\\\">Biene Feld \u2013 Verzauberung 9, 2021, Acryl, Tusche, Guache auf Papier, 120 x 90 cm<\/p>\"\r\n          },\r\n          {\r\n            \"type\": \"img\",\r\n            \"attid\": 14568,\r\n            \"cont\": \"\/wp-content\/uploads\/2022\/06\/BieneFeld-In-den-Wolken-2021-Acryl-auf-Leinwand-o-65-cm.jpg\",\r\n            \"sizes\": {\r\n              \"full\": \"\/wp-content\/uploads\/2022\/06\/BieneFeld-In-den-Wolken-2021-Acryl-auf-Leinwand-o-65-cm.jpg\",\r\n              \"_1280\": \"\/wp-content\/uploads\/2022\/06\/BieneFeld-In-den-Wolken-2021-Acryl-auf-Leinwand-o-65-cm-1280x1280.jpg\",\r\n              \"_1024\": \"\/wp-content\/uploads\/2022\/06\/BieneFeld-In-den-Wolken-2021-Acryl-auf-Leinwand-o-65-cm-1024x1024.jpg\",\r\n              \"_768\": \"\/wp-content\/uploads\/2022\/06\/BieneFeld-In-den-Wolken-2021-Acryl-auf-Leinwand-o-65-cm-768x768.jpg\",\r\n              \"_512\": \"\/wp-content\/uploads\/2022\/06\/BieneFeld-In-den-Wolken-2021-Acryl-auf-Leinwand-o-65-cm-512x512.jpg\",\r\n              \"_265\": \"\/wp-content\/uploads\/2022\/06\/BieneFeld-In-den-Wolken-2021-Acryl-auf-Leinwand-o-65-cm-265x265.jpg\"\r\n            },\r\n            \"w\": 1920,\r\n            \"h\": 1920,\r\n            \"ar\": 1,\r\n            \"alt\": \"\",\r\n            \"lightbox_caption\": \"<p class=\\\"_BU\\\">Biene Feld - In den Wolken, 2021, Acryl auf Leinwand, \u00f8 65 cm<\/p>\"\r\n          },\r\n          {\r\n            \"type\": \"img\",\r\n            \"attid\": 14569,\r\n            \"cont\": \"\/wp-content\/uploads\/2022\/06\/BieneFeld-Souls-1-2021-Acryl-Kugelschreiber-Papier-22-x-315-cm.jpg\",\r\n            \"sizes\": {\r\n              \"full\": \"\/wp-content\/uploads\/2022\/06\/BieneFeld-Souls-1-2021-Acryl-Kugelschreiber-Papier-22-x-315-cm.jpg\",\r\n              \"_1280\": \"\/wp-content\/uploads\/2022\/06\/BieneFeld-Souls-1-2021-Acryl-Kugelschreiber-Papier-22-x-315-cm-1280x896.jpg\",\r\n              \"_1024\": \"\/wp-content\/uploads\/2022\/06\/BieneFeld-Souls-1-2021-Acryl-Kugelschreiber-Papier-22-x-315-cm-1024x717.jpg\",\r\n              \"_768\": \"\/wp-content\/uploads\/2022\/06\/BieneFeld-Souls-1-2021-Acryl-Kugelschreiber-Papier-22-x-315-cm-768x538.jpg\",\r\n              \"_512\": \"\/wp-content\/uploads\/2022\/06\/BieneFeld-Souls-1-2021-Acryl-Kugelschreiber-Papier-22-x-315-cm-512x358.jpg\",\r\n              \"_265\": \"\/wp-content\/uploads\/2022\/06\/BieneFeld-Souls-1-2021-Acryl-Kugelschreiber-Papier-22-x-315-cm-265x186.jpg\"\r\n            },\r\n            \"w\": 1920,\r\n            \"h\": 1344,\r\n            \"ar\": 0.7,\r\n            \"alt\": \"\",\r\n            \"lightbox_caption\": \"<p class=\\\"_BU\\\">Biene Feld - Souls #1, 2021, Acryl, Kugelschreiber, Papier, 22 x 31,5 cm<\/p>\"\r\n          },\r\n          {\r\n            \"type\": \"img\",\r\n            \"attid\": 14570,\r\n            \"cont\": \"\/wp-content\/uploads\/2022\/06\/BieneFeld-Souls-2-2021-Acryl-Kugelschreiber-Papier-22-x-315-cm.jpg\",\r\n            \"sizes\": {\r\n              \"full\": \"\/wp-content\/uploads\/2022\/06\/BieneFeld-Souls-2-2021-Acryl-Kugelschreiber-Papier-22-x-315-cm.jpg\",\r\n              \"_1280\": \"\/wp-content\/uploads\/2022\/06\/BieneFeld-Souls-2-2021-Acryl-Kugelschreiber-Papier-22-x-315-cm-1280x896.jpg\",\r\n              \"_1024\": \"\/wp-content\/uploads\/2022\/06\/BieneFeld-Souls-2-2021-Acryl-Kugelschreiber-Papier-22-x-315-cm-1024x717.jpg\",\r\n              \"_768\": \"\/wp-content\/uploads\/2022\/06\/BieneFeld-Souls-2-2021-Acryl-Kugelschreiber-Papier-22-x-315-cm-768x538.jpg\",\r\n              \"_512\": \"\/wp-content\/uploads\/2022\/06\/BieneFeld-Souls-2-2021-Acryl-Kugelschreiber-Papier-22-x-315-cm-512x358.jpg\",\r\n              \"_265\": \"\/wp-content\/uploads\/2022\/06\/BieneFeld-Souls-2-2021-Acryl-Kugelschreiber-Papier-22-x-315-cm-265x186.jpg\"\r\n            },\r\n            \"w\": 1920,\r\n            \"h\": 1344,\r\n            \"ar\": 0.7,\r\n            \"alt\": \"\",\r\n            \"lightbox_caption\": \"<p class=\\\"_BU\\\">Biene Feld - Souls #2, 2021, Acryl, Kugelschreiber, Papier, 22 x 31,5 cm<\/p>\"\r\n          },\r\n          {\r\n            \"type\": \"img\",\r\n            \"attid\": 14571,\r\n            \"cont\": \"\/wp-content\/uploads\/2022\/06\/Emil-Bienefeld-\u2013-The-Yellow-One-2021-Acryl-auf-Leinwand-\u2300-50-cm-1.jpg\",\r\n            \"sizes\": {\r\n              \"full\": \"\/wp-content\/uploads\/2022\/06\/Emil-Bienefeld-\u2013-The-Yellow-One-2021-Acryl-auf-Leinwand-\u2300-50-cm-1.jpg\",\r\n              \"_1280\": \"\/wp-content\/uploads\/2022\/06\/Emil-Bienefeld-\u2013-The-Yellow-One-2021-Acryl-auf-Leinwand-\u2300-50-cm-1-1280x1279.jpg\",\r\n              \"_1024\": \"\/wp-content\/uploads\/2022\/06\/Emil-Bienefeld-\u2013-The-Yellow-One-2021-Acryl-auf-Leinwand-\u2300-50-cm-1-1024x1023.jpg\",\r\n              \"_768\": \"\/wp-content\/uploads\/2022\/06\/Emil-Bienefeld-\u2013-The-Yellow-One-2021-Acryl-auf-Leinwand-\u2300-50-cm-1-768x767.jpg\",\r\n              \"_512\": \"\/wp-content\/uploads\/2022\/06\/Emil-Bienefeld-\u2013-The-Yellow-One-2021-Acryl-auf-Leinwand-\u2300-50-cm-1-512x511.jpg\",\r\n              \"_265\": \"\/wp-content\/uploads\/2022\/06\/Emil-Bienefeld-\u2013-The-Yellow-One-2021-Acryl-auf-Leinwand-\u2300-50-cm-1-265x265.jpg\"\r\n            },\r\n            \"w\": 1920,\r\n            \"h\": 1918,\r\n            \"ar\": 0.9989583333333333,\r\n            \"alt\": \"\",\r\n            \"lightbox_caption\": \"<p class=\\\"_BU\\\">Emil Bienefeld \u2013 The Yellow One, 2021, Acryl auf Leinwand, \u2300 50 cm<\/p>\"\r\n          },\r\n          {\r\n            \"type\": \"img\",\r\n            \"attid\": 14572,\r\n            \"cont\": \"\/wp-content\/uploads\/2022\/06\/Emil-Bienefeld-Another-Brick-2021-Acryl-auf-Leinwand-\u2300-20-cm-1.jpg\",\r\n            \"sizes\": {\r\n              \"full\": \"\/wp-content\/uploads\/2022\/06\/Emil-Bienefeld-Another-Brick-2021-Acryl-auf-Leinwand-\u2300-20-cm-1.jpg\",\r\n              \"_1280\": \"\/wp-content\/uploads\/2022\/06\/Emil-Bienefeld-Another-Brick-2021-Acryl-auf-Leinwand-\u2300-20-cm-1-1280x1262.jpg\",\r\n              \"_1024\": \"\/wp-content\/uploads\/2022\/06\/Emil-Bienefeld-Another-Brick-2021-Acryl-auf-Leinwand-\u2300-20-cm-1-1024x1010.jpg\",\r\n              \"_768\": \"\/wp-content\/uploads\/2022\/06\/Emil-Bienefeld-Another-Brick-2021-Acryl-auf-Leinwand-\u2300-20-cm-1-768x757.jpg\",\r\n              \"_512\": \"\/wp-content\/uploads\/2022\/06\/Emil-Bienefeld-Another-Brick-2021-Acryl-auf-Leinwand-\u2300-20-cm-1-512x505.jpg\",\r\n              \"_265\": \"\/wp-content\/uploads\/2022\/06\/Emil-Bienefeld-Another-Brick-2021-Acryl-auf-Leinwand-\u2300-20-cm-1-265x261.jpg\"\r\n            },\r\n            \"w\": 1920,\r\n            \"h\": 1893,\r\n            \"ar\": 0.9859375,\r\n            \"alt\": \"\",\r\n            \"lightbox_caption\": \"<p class=\\\"_BU\\\">Emil Bienefeld - Another Brick, 2021, Acryl auf Leinwand, \u2300 20 cm<\/p>\"\r\n          },\r\n          {\r\n            \"type\": \"img\",\r\n            \"attid\": 14573,\r\n            \"cont\": \"\/wp-content\/uploads\/2022\/06\/Emil-Bienefeld-Blue-Carpet-2021-Acryl-auf-Leinwand-\u2300-50-cm-1.jpg\",\r\n            \"sizes\": {\r\n              \"full\": \"\/wp-content\/uploads\/2022\/06\/Emil-Bienefeld-Blue-Carpet-2021-Acryl-auf-Leinwand-\u2300-50-cm-1.jpg\",\r\n              \"_1280\": \"\/wp-content\/uploads\/2022\/06\/Emil-Bienefeld-Blue-Carpet-2021-Acryl-auf-Leinwand-\u2300-50-cm-1-1280x1278.jpg\",\r\n              \"_1024\": \"\/wp-content\/uploads\/2022\/06\/Emil-Bienefeld-Blue-Carpet-2021-Acryl-auf-Leinwand-\u2300-50-cm-1-1024x1022.jpg\",\r\n              \"_768\": \"\/wp-content\/uploads\/2022\/06\/Emil-Bienefeld-Blue-Carpet-2021-Acryl-auf-Leinwand-\u2300-50-cm-1-768x767.jpg\",\r\n              \"_512\": \"\/wp-content\/uploads\/2022\/06\/Emil-Bienefeld-Blue-Carpet-2021-Acryl-auf-Leinwand-\u2300-50-cm-1-512x511.jpg\",\r\n              \"_265\": \"\/wp-content\/uploads\/2022\/06\/Emil-Bienefeld-Blue-Carpet-2021-Acryl-auf-Leinwand-\u2300-50-cm-1-265x265.jpg\"\r\n            },\r\n            \"w\": 1920,\r\n            \"h\": 1917,\r\n            \"ar\": 0.9984375,\r\n            \"alt\": \"\",\r\n            \"lightbox_caption\": \"<p class=\\\"_BU\\\">Emil Bienefeld - Blue Carpet, 2021, Acryl auf Leinwand, \u2300 50 cm<\/p>\"\r\n          },\r\n          {\r\n            \"type\": \"img\",\r\n            \"attid\": 14574,\r\n            \"cont\": \"\/wp-content\/uploads\/2022\/06\/Emil-Bienefeld-Brasil-2021-Acryl-auf-Leinwand-70-x-40-cm-1.jpg\",\r\n            \"sizes\": {\r\n              \"full\": \"\/wp-content\/uploads\/2022\/06\/Emil-Bienefeld-Brasil-2021-Acryl-auf-Leinwand-70-x-40-cm-1.jpg\",\r\n              \"_1024\": \"\/wp-content\/uploads\/2022\/06\/Emil-Bienefeld-Brasil-2021-Acryl-auf-Leinwand-70-x-40-cm-1-1024x1779.jpg\",\r\n              \"_768\": \"\/wp-content\/uploads\/2022\/06\/Emil-Bienefeld-Brasil-2021-Acryl-auf-Leinwand-70-x-40-cm-1-768x1334.jpg\",\r\n              \"_512\": \"\/wp-content\/uploads\/2022\/06\/Emil-Bienefeld-Brasil-2021-Acryl-auf-Leinwand-70-x-40-cm-1-512x890.jpg\",\r\n              \"_265\": \"\/wp-content\/uploads\/2022\/06\/Emil-Bienefeld-Brasil-2021-Acryl-auf-Leinwand-70-x-40-cm-1-265x460.jpg\"\r\n            },\r\n            \"w\": 1105,\r\n            \"h\": 1920,\r\n            \"ar\": 1.737556561085973,\r\n            \"alt\": \"\",\r\n            \"lightbox_caption\": \"<p class=\\\"_BU\\\">Emil Bienefeld - Brasil, 2021, Acryl auf Leinwand, 70 x 40 cm<\/p>\"\r\n          },\r\n          {\r\n            \"type\": \"img\",\r\n            \"attid\": 14575,\r\n            \"cont\": \"\/wp-content\/uploads\/2022\/06\/Emil-Bienefeld-Focus-2021-Acryl-auf-Leinwand-\u230070-cm-1.jpg\",\r\n            \"sizes\": {\r\n              \"full\": \"\/wp-content\/uploads\/2022\/06\/Emil-Bienefeld-Focus-2021-Acryl-auf-Leinwand-\u230070-cm-1.jpg\",\r\n              \"_1280\": \"\/wp-content\/uploads\/2022\/06\/Emil-Bienefeld-Focus-2021-Acryl-auf-Leinwand-\u230070-cm-1-1280x1280.jpg\",\r\n              \"_1024\": \"\/wp-content\/uploads\/2022\/06\/Emil-Bienefeld-Focus-2021-Acryl-auf-Leinwand-\u230070-cm-1-1024x1024.jpg\",\r\n              \"_768\": \"\/wp-content\/uploads\/2022\/06\/Emil-Bienefeld-Focus-2021-Acryl-auf-Leinwand-\u230070-cm-1-768x768.jpg\",\r\n              \"_512\": \"\/wp-content\/uploads\/2022\/06\/Emil-Bienefeld-Focus-2021-Acryl-auf-Leinwand-\u230070-cm-1-512x512.jpg\",\r\n              \"_265\": \"\/wp-content\/uploads\/2022\/06\/Emil-Bienefeld-Focus-2021-Acryl-auf-Leinwand-\u230070-cm-1-265x265.jpg\"\r\n            },\r\n            \"w\": 1920,\r\n            \"h\": 1920,\r\n            \"ar\": 1,\r\n            \"alt\": \"\",\r\n            \"lightbox_caption\": \"<p class=\\\"_BU\\\">Emil Bienefeld - Focus, 2021, Acryl auf Leinwand, \u2300 70 cm<\/p>\"\r\n          },\r\n          {\r\n            \"type\": \"img\",\r\n            \"attid\": 14576,\r\n            \"cont\": \"\/wp-content\/uploads\/2022\/06\/Emil-Bienefeld-Lauern-2021-Acryl-auf-Leinwand-40-x-70-cm-1.jpg\",\r\n            \"sizes\": {\r\n              \"full\": \"\/wp-content\/uploads\/2022\/06\/Emil-Bienefeld-Lauern-2021-Acryl-auf-Leinwand-40-x-70-cm-1.jpg\",\r\n              \"_1280\": \"\/wp-content\/uploads\/2022\/06\/Emil-Bienefeld-Lauern-2021-Acryl-auf-Leinwand-40-x-70-cm-1-1280x735.jpg\",\r\n              \"_1024\": \"\/wp-content\/uploads\/2022\/06\/Emil-Bienefeld-Lauern-2021-Acryl-auf-Leinwand-40-x-70-cm-1-1024x588.jpg\",\r\n              \"_768\": \"\/wp-content\/uploads\/2022\/06\/Emil-Bienefeld-Lauern-2021-Acryl-auf-Leinwand-40-x-70-cm-1-768x441.jpg\",\r\n              \"_512\": \"\/wp-content\/uploads\/2022\/06\/Emil-Bienefeld-Lauern-2021-Acryl-auf-Leinwand-40-x-70-cm-1-512x294.jpg\",\r\n              \"_265\": \"\/wp-content\/uploads\/2022\/06\/Emil-Bienefeld-Lauern-2021-Acryl-auf-Leinwand-40-x-70-cm-1-265x152.jpg\"\r\n            },\r\n            \"w\": 1920,\r\n            \"h\": 1103,\r\n            \"ar\": 0.5744791666666667,\r\n            \"alt\": \"\",\r\n            \"lightbox_caption\": \"<p class=\\\"_BU\\\">Emil Bienefeld - Lauern, 2021, Acryl auf Leinwand, 40 x 70 cm<\/p>\"\r\n          },\r\n          {\r\n            \"type\": \"img\",\r\n            \"attid\": 14577,\r\n            \"cont\": \"\/wp-content\/uploads\/2022\/06\/Emil-Bienefeld-Octopus-3000-2021-Acryl-auf-Leinwand-40-x-70-cm-1.jpg\",\r\n            \"sizes\": {\r\n              \"full\": \"\/wp-content\/uploads\/2022\/06\/Emil-Bienefeld-Octopus-3000-2021-Acryl-auf-Leinwand-40-x-70-cm-1.jpg\",\r\n              \"_1280\": \"\/wp-content\/uploads\/2022\/06\/Emil-Bienefeld-Octopus-3000-2021-Acryl-auf-Leinwand-40-x-70-cm-1-1280x732.jpg\",\r\n              \"_1024\": \"\/wp-content\/uploads\/2022\/06\/Emil-Bienefeld-Octopus-3000-2021-Acryl-auf-Leinwand-40-x-70-cm-1-1024x586.jpg\",\r\n              \"_768\": \"\/wp-content\/uploads\/2022\/06\/Emil-Bienefeld-Octopus-3000-2021-Acryl-auf-Leinwand-40-x-70-cm-1-768x439.jpg\",\r\n              \"_512\": \"\/wp-content\/uploads\/2022\/06\/Emil-Bienefeld-Octopus-3000-2021-Acryl-auf-Leinwand-40-x-70-cm-1-512x293.jpg\",\r\n              \"_265\": \"\/wp-content\/uploads\/2022\/06\/Emil-Bienefeld-Octopus-3000-2021-Acryl-auf-Leinwand-40-x-70-cm-1-265x152.jpg\"\r\n            },\r\n            \"w\": 1920,\r\n            \"h\": 1098,\r\n            \"ar\": 0.571875,\r\n            \"alt\": \"\",\r\n            \"lightbox_caption\": \"<p class=\\\"_BU\\\">Emil Bienefeld - Octopus 3000, 2021, Acryl auf Leinwand, 40 x 70 cm<\/p>\"\r\n          },\r\n          {\r\n            \"type\": \"img\",\r\n            \"attid\": 14578,\r\n            \"cont\": \"\/wp-content\/uploads\/2022\/06\/Emil-Bienefeld-ohne-Titel-2021-Mischtechnik-auf-Papier-40-x-30-cm-1-1.jpg\",\r\n            \"sizes\": {\r\n              \"full\": \"\/wp-content\/uploads\/2022\/06\/Emil-Bienefeld-ohne-Titel-2021-Mischtechnik-auf-Papier-40-x-30-cm-1-1.jpg\",\r\n              \"_1280\": \"\/wp-content\/uploads\/2022\/06\/Emil-Bienefeld-ohne-Titel-2021-Mischtechnik-auf-Papier-40-x-30-cm-1-1-1280x1707.jpg\",\r\n              \"_1024\": \"\/wp-content\/uploads\/2022\/06\/Emil-Bienefeld-ohne-Titel-2021-Mischtechnik-auf-Papier-40-x-30-cm-1-1-1024x1365.jpg\",\r\n              \"_768\": \"\/wp-content\/uploads\/2022\/06\/Emil-Bienefeld-ohne-Titel-2021-Mischtechnik-auf-Papier-40-x-30-cm-1-1-768x1024.jpg\",\r\n              \"_512\": \"\/wp-content\/uploads\/2022\/06\/Emil-Bienefeld-ohne-Titel-2021-Mischtechnik-auf-Papier-40-x-30-cm-1-1-512x683.jpg\",\r\n              \"_265\": \"\/wp-content\/uploads\/2022\/06\/Emil-Bienefeld-ohne-Titel-2021-Mischtechnik-auf-Papier-40-x-30-cm-1-1-265x353.jpg\"\r\n            },\r\n            \"w\": 1440,\r\n            \"h\": 1920,\r\n            \"ar\": 1.3333333333333333,\r\n            \"alt\": \"\",\r\n            \"lightbox_caption\": \"<p class=\\\"_BU\\\">Emil Bienefeld - ohne Titel, 2021, Mischtechnik auf Papier, 32 x 24 cm<\/p>\"\r\n          },\r\n          {\r\n            \"type\": \"img\",\r\n            \"attid\": 14579,\r\n            \"cont\": \"\/wp-content\/uploads\/2022\/06\/Emil-Bienefeld-ohne-Titel-2021-Mischtechnik-auf-Papier-40-x-30-cm-2-1.jpg\",\r\n            \"sizes\": {\r\n              \"full\": \"\/wp-content\/uploads\/2022\/06\/Emil-Bienefeld-ohne-Titel-2021-Mischtechnik-auf-Papier-40-x-30-cm-2-1.jpg\",\r\n              \"_1280\": \"\/wp-content\/uploads\/2022\/06\/Emil-Bienefeld-ohne-Titel-2021-Mischtechnik-auf-Papier-40-x-30-cm-2-1-1280x1703.jpg\",\r\n              \"_1024\": \"\/wp-content\/uploads\/2022\/06\/Emil-Bienefeld-ohne-Titel-2021-Mischtechnik-auf-Papier-40-x-30-cm-2-1-1024x1362.jpg\",\r\n              \"_768\": \"\/wp-content\/uploads\/2022\/06\/Emil-Bienefeld-ohne-Titel-2021-Mischtechnik-auf-Papier-40-x-30-cm-2-1-768x1022.jpg\",\r\n              \"_512\": \"\/wp-content\/uploads\/2022\/06\/Emil-Bienefeld-ohne-Titel-2021-Mischtechnik-auf-Papier-40-x-30-cm-2-1-512x681.jpg\",\r\n              \"_265\": \"\/wp-content\/uploads\/2022\/06\/Emil-Bienefeld-ohne-Titel-2021-Mischtechnik-auf-Papier-40-x-30-cm-2-1-265x353.jpg\"\r\n            },\r\n            \"w\": 1443,\r\n            \"h\": 1920,\r\n            \"ar\": 1.3305613305613306,\r\n            \"alt\": \"\",\r\n            \"lightbox_caption\": \"<p class=\\\"_BU\\\">Emil Bienefeld - ohne Titel, 2021, Mischtechnik auf Papier, 32 x 24 cm<\/p>\"\r\n          },\r\n          {\r\n            \"type\": \"img\",\r\n            \"attid\": 14580,\r\n            \"cont\": \"\/wp-content\/uploads\/2022\/06\/Emil-Bienefeld-ohne-Titel-2021-Mischtechnik-auf-Papier-40-x-30-cm-3-1.jpg\",\r\n            \"sizes\": {\r\n              \"full\": \"\/wp-content\/uploads\/2022\/06\/Emil-Bienefeld-ohne-Titel-2021-Mischtechnik-auf-Papier-40-x-30-cm-3-1.jpg\",\r\n              \"_1280\": \"\/wp-content\/uploads\/2022\/06\/Emil-Bienefeld-ohne-Titel-2021-Mischtechnik-auf-Papier-40-x-30-cm-3-1-1280x1721.jpg\",\r\n              \"_1024\": \"\/wp-content\/uploads\/2022\/06\/Emil-Bienefeld-ohne-Titel-2021-Mischtechnik-auf-Papier-40-x-30-cm-3-1-1024x1377.jpg\",\r\n              \"_768\": \"\/wp-content\/uploads\/2022\/06\/Emil-Bienefeld-ohne-Titel-2021-Mischtechnik-auf-Papier-40-x-30-cm-3-1-768x1033.jpg\",\r\n              \"_512\": \"\/wp-content\/uploads\/2022\/06\/Emil-Bienefeld-ohne-Titel-2021-Mischtechnik-auf-Papier-40-x-30-cm-3-1-512x688.jpg\",\r\n              \"_265\": \"\/wp-content\/uploads\/2022\/06\/Emil-Bienefeld-ohne-Titel-2021-Mischtechnik-auf-Papier-40-x-30-cm-3-1-265x356.jpg\"\r\n            },\r\n            \"w\": 1428,\r\n            \"h\": 1920,\r\n            \"ar\": 1.3445378151260505,\r\n            \"alt\": \"\",\r\n            \"lightbox_caption\": \"<p class=\\\"_BU\\\">Emil Bienefeld - ohne Titel, 2021, Mischtechnik auf Papier, 32 x 24 cm (3)<\/p>\"\r\n          },\r\n          {\r\n            \"type\": \"img\",\r\n            \"attid\": 14581,\r\n            \"cont\": \"\/wp-content\/uploads\/2022\/06\/Emil-Bienefeld-ohne-Titel-2021-Mischtechnik-auf-Papier-40-x-30-cm-5-1.jpg\",\r\n            \"sizes\": {\r\n              \"full\": \"\/wp-content\/uploads\/2022\/06\/Emil-Bienefeld-ohne-Titel-2021-Mischtechnik-auf-Papier-40-x-30-cm-5-1.jpg\",\r\n              \"_1280\": \"\/wp-content\/uploads\/2022\/06\/Emil-Bienefeld-ohne-Titel-2021-Mischtechnik-auf-Papier-40-x-30-cm-5-1-1280x1703.jpg\",\r\n              \"_1024\": \"\/wp-content\/uploads\/2022\/06\/Emil-Bienefeld-ohne-Titel-2021-Mischtechnik-auf-Papier-40-x-30-cm-5-1-1024x1362.jpg\",\r\n              \"_768\": \"\/wp-content\/uploads\/2022\/06\/Emil-Bienefeld-ohne-Titel-2021-Mischtechnik-auf-Papier-40-x-30-cm-5-1-768x1022.jpg\",\r\n              \"_512\": \"\/wp-content\/uploads\/2022\/06\/Emil-Bienefeld-ohne-Titel-2021-Mischtechnik-auf-Papier-40-x-30-cm-5-1-512x681.jpg\",\r\n              \"_265\": \"\/wp-content\/uploads\/2022\/06\/Emil-Bienefeld-ohne-Titel-2021-Mischtechnik-auf-Papier-40-x-30-cm-5-1-265x353.jpg\"\r\n            },\r\n            \"w\": 1443,\r\n            \"h\": 1920,\r\n            \"ar\": 1.3305613305613306,\r\n            \"alt\": \"\",\r\n            \"lightbox_caption\": \"<p class=\\\"_BU\\\">Emil Bienefeld - ohne Titel, 2021, Mischtechnik auf Papier, 32 x 24 cm<\/p>\"\r\n          },\r\n          {\r\n            \"type\": \"img\",\r\n            \"attid\": 14582,\r\n            \"cont\": \"\/wp-content\/uploads\/2022\/06\/Emil-Bienefeld-Rockstar-2021-Acryl-auf-Leinwand-70-x-40-cm-1.jpg\",\r\n            \"sizes\": {\r\n              \"full\": \"\/wp-content\/uploads\/2022\/06\/Emil-Bienefeld-Rockstar-2021-Acryl-auf-Leinwand-70-x-40-cm-1.jpg\",\r\n              \"_1024\": \"\/wp-content\/uploads\/2022\/06\/Emil-Bienefeld-Rockstar-2021-Acryl-auf-Leinwand-70-x-40-cm-1-1024x1779.jpg\",\r\n              \"_768\": \"\/wp-content\/uploads\/2022\/06\/Emil-Bienefeld-Rockstar-2021-Acryl-auf-Leinwand-70-x-40-cm-1-768x1334.jpg\",\r\n              \"_512\": \"\/wp-content\/uploads\/2022\/06\/Emil-Bienefeld-Rockstar-2021-Acryl-auf-Leinwand-70-x-40-cm-1-512x890.jpg\",\r\n              \"_265\": \"\/wp-content\/uploads\/2022\/06\/Emil-Bienefeld-Rockstar-2021-Acryl-auf-Leinwand-70-x-40-cm-1-265x460.jpg\"\r\n            },\r\n            \"w\": 1105,\r\n            \"h\": 1920,\r\n            \"ar\": 1.737556561085973,\r\n            \"alt\": \"\",\r\n            \"lightbox_caption\": \"<p class=\\\"_BU\\\">Emil Bienefeld - Rockstar, 2021, Acryl auf Leinwand, 70 x 40 cm<\/p>\"\r\n          }\r\n        ],\r\n        \"addtostart\": false,\r\n        \"gutterMu\": \"%\"\r\n      },\r\n      \"absolute_position\": false\r\n    },\r\n    {\r\n      \"type\": \"text\",\r\n      \"cont\": \"<p class=\\\"_Default\\\">BIENEFELD<\/p><p class=\\\"_Fliesstexte\\\"><span class=\\\"textbody\\\"><span>Die letzte Ausstellung des Jahres tr\u00e4gt einen Familiennamen als Titel.<\/span><br \/><span>Die Malerin Biene Feld, die seit vielen Jahren zum festen K\u00fcnstlerstamm der Galerie Born geh\u00f6rt, hat diesen nach ihrem Studium an der UdK in Berlin auf Anraten ihres damaligen Galeristen als K\u00fcnstlernamen umgewandelt.<\/span><br \/><span>Emil Bienefeld, Sohn der Malerin, ist Teil der Berliner Street-Art-Szene, den jugendlichen Sprayer durfte die Mutter des \u00d6fteren bei der Polizei in Empfang nehmen.<\/span><br \/><span>Aber schon seit etlichen Jahren arbeitet er auch auf Leinwand. 2019 stellte die Galerie Born ihn erstmals in ihrem Projektraum in Heiddorf aus, mit Leinw\u00e4nden, und mit gesprayten Arbeiten, direkt auf die Wand.<\/span><br \/><span>In Berlin nun werden beide ausschlie\u00dflich Leinw\u00e4nde zeigen. Eine gemeinsame Installationswand ist geplant.<\/span><br \/><span>Der famili\u00e4r-k\u00fcnstlerische Dialog ist damit er\u00f6ffnet.<\/span><br \/>\u00a0<br \/>Matthias Fuhrmann, November 2021<br \/><br \/><\/span><\/p>\",\r\n      \"align\": \"top\",\r\n      \"row\": 3,\r\n      \"col\": 3,\r\n      \"colspan\": 8,\r\n      \"offsetx\": 0,\r\n      \"offsety\": 0,\r\n      \"spaceabove\": 0,\r\n      \"spacebelow\": 0,\r\n      \"yvel\": 1,\r\n      \"push\": 3,\r\n      \"relid\": 7,\r\n      \"absolute_position\": false\r\n    },\r\n    {\r\n      \"type\": \"text\",\r\n      \"cont\": \"<p><a href=\\\"https:\/\/galerie-born.de\/biene-feld\/\\\" data-type=\\\"project\\\" data-id=\\\"13197\\\" data-title=\\\"Nora Mona Bach\\\" data-catid=\\\"[61]\\\">Biene Feld \u21d2<\/a><a href=\\\"http:\/\/neu.galerie-born.de\/strawalde-2\/\\\"><\/a><\/p>\",\r\n      \"align\": \"top\",\r\n      \"row\": 4,\r\n      \"col\": 3,\r\n      \"colspan\": 8,\r\n      \"offsetx\": 0,\r\n      \"offsety\": 0,\r\n      \"spaceabove\": 0,\r\n      \"spacebelow\": 0,\r\n      \"yvel\": 1,\r\n      \"push\": 3,\r\n      \"relid\": 8,\r\n      \"absolute_position\": false\r\n    }\r\n  ]\r\n}","phonegrid":"","_links":{"self":[{"href":"https:\/\/galerie-born.de\/en\/wp-json\/wp\/v2\/posts\/14564","targetHints":{"allow":["GET"]}}],"collection":[{"href":"https:\/\/galerie-born.de\/en\/wp-json\/wp\/v2\/posts"}],"about":[{"href":"https:\/\/galerie-born.de\/en\/wp-json\/wp\/v2\/types\/post"}],"author":[{"embeddable":true,"href":"https:\/\/galerie-born.de\/en\/wp-json\/wp\/v2\/users\/1"}],"replies":[{"embeddable":true,"href":"https:\/\/galerie-born.de\/en\/wp-json\/wp\/v2\/comments?post=14564"}],"version-history":[{"count":0,"href":"https:\/\/galerie-born.de\/en\/wp-json\/wp\/v2\/posts\/14564\/revisions"}],"wp:featuredmedia":[{"embeddable":true,"href":"https:\/\/galerie-born.de\/en\/wp-json\/wp\/v2\/media\/14582"}],"wp:attachment":[{"href":"https:\/\/galerie-born.de\/en\/wp-json\/wp\/v2\/media?parent=14564"}],"wp:term":[{"taxonomy":"category","embeddable":true,"href":"https:\/\/galerie-born.de\/en\/wp-json\/wp\/v2\/categories?post=14564"},{"taxonomy":"post_tag","embeddable":true,"href":"https:\/\/galerie-born.de\/en\/wp-json\/wp\/v2\/tags?post=14564"}],"curies":[{"name":"wp","href":"https:\/\/api.w.org\/{rel}","templated":true}]}}