{"id":14704,"date":"2021-04-24T13:43:51","date_gmt":"2021-04-24T13:43:51","guid":{"rendered":"http:\/\/neu.galerie-born.de\/%e2%97%8f-berlinnora-mona-bach-lucy-teasdalethe-way-through-the-woods28-4-17-7-2021-2\/"},"modified":"2022-10-15T15:13:26","modified_gmt":"2022-10-15T15:13:26","slug":"%e2%97%8f-berlinjens-jensen-david-evisonmalerei-skulptur10-3-24-4-2021","status":"publish","type":"post","link":"https:\/\/galerie-born.de\/en\/%e2%97%8f-berlinjens-jensen-david-evisonmalerei-skulptur10-3-24-4-2021\/","title":{"rendered":"\u25cf Berlin<br>Jens Jensen, David Evison<br><i>painting, sculpture<\/i><br>10 March\u2009\u2013\u200924 April 2021"},"content":{"rendered":"","protected":false},"excerpt":{"rendered":"","protected":false},"author":1,"featured_media":14703,"comment_status":"closed","ping_status":"closed","sticky":false,"template":"","format":"standard","meta":[],"categories":[65,91],"tags":[],"class_list":["post-14704","post","type-post","status-publish","has-post-thumbnail","hentry","category-archiv","category-jens-jensen-david-evison"],"yoast_head":"<!-- This site is optimized with the Yoast SEO plugin v27.5 - https:\/\/yoast.com\/product\/yoast-seo-wordpress\/ -->\n<title>\u25cf BerlinJens Jensen, David Evisonpainting, sculpture10 March\u2009\u2013\u200924 April 2021 - GALERIE BORN<\/title>\n<meta name=\"robots\" content=\"index, follow, max-snippet:-1, max-image-preview:large, max-video-preview:-1\" \/>\n<link rel=\"canonical\" href=\"https:\/\/galerie-born.de\/en\/\u25cf-berlinjens-jensen-david-evisonmalerei-skulptur10-3-24-4-2021\/\" \/>\n<meta property=\"og:locale\" content=\"en_US\" \/>\n<meta property=\"og:type\" content=\"article\" \/>\n<meta property=\"og:title\" content=\"\u25cf BerlinJens Jensen, David Evisonpainting, sculpture10 March\u2009\u2013\u200924 April 2021 - GALERIE BORN\" \/>\n<meta property=\"og:url\" content=\"https:\/\/galerie-born.de\/en\/\u25cf-berlinjens-jensen-david-evisonmalerei-skulptur10-3-24-4-2021\/\" \/>\n<meta property=\"og:site_name\" content=\"GALERIE BORN\" \/>\n<meta property=\"article:published_time\" content=\"2021-04-24T13:43:51+00:00\" \/>\n<meta property=\"article:modified_time\" content=\"2022-10-15T15:13:26+00:00\" \/>\n<meta property=\"og:image\" content=\"https:\/\/galerie-born.de\/wp-content\/uploads\/2021\/04\/Jens-Jensen-\u2013-untitled-2010-Mischtechnik-auf-Papier-100-x-70-cm-3.jpg\" \/>\n\t<meta property=\"og:image:width\" content=\"1300\" \/>\n\t<meta property=\"og:image:height\" content=\"1764\" \/>\n\t<meta property=\"og:image:type\" content=\"image\/jpeg\" \/>\n<meta name=\"author\" content=\"admin\" \/>\n<meta name=\"twitter:card\" content=\"summary_large_image\" \/>\n<meta name=\"twitter:label1\" content=\"Written by\" \/>\n\t<meta name=\"twitter:data1\" content=\"admin\" \/>\n<script type=\"application\/ld+json\" class=\"yoast-schema-graph\">{\"@context\":\"https:\\\/\\\/schema.org\",\"@graph\":[{\"@type\":\"Article\",\"@id\":\"https:\\\/\\\/galerie-born.de\\\/%e2%97%8f-berlinjens-jensen-david-evisonmalerei-skulptur10-3-24-4-2021\\\/#article\",\"isPartOf\":{\"@id\":\"https:\\\/\\\/galerie-born.de\\\/%e2%97%8f-berlinjens-jensen-david-evisonmalerei-skulptur10-3-24-4-2021\\\/\"},\"author\":{\"name\":\"admin\",\"@id\":\"https:\\\/\\\/galerie-born.de\\\/#\\\/schema\\\/person\\\/3f5bcaab814588d5c898904da4feccd7\"},\"headline\":\"\u25cf Berlin Jens Jensen, David Evison painting, sculpture 10 March\u2009\u2013\u200924 April 2021\",\"datePublished\":\"2021-04-24T13:43:51+00:00\",\"dateModified\":\"2022-10-15T15:13:26+00:00\",\"mainEntityOfPage\":{\"@id\":\"https:\\\/\\\/galerie-born.de\\\/%e2%97%8f-berlinjens-jensen-david-evisonmalerei-skulptur10-3-24-4-2021\\\/\"},\"wordCount\":16,\"publisher\":{\"@id\":\"https:\\\/\\\/galerie-born.de\\\/#organization\"},\"image\":{\"@id\":\"https:\\\/\\\/galerie-born.de\\\/%e2%97%8f-berlinjens-jensen-david-evisonmalerei-skulptur10-3-24-4-2021\\\/#primaryimage\"},\"thumbnailUrl\":\"https:\\\/\\\/galerie-born.de\\\/wp-content\\\/uploads\\\/2021\\\/04\\\/Jens-Jensen-\u2013-untitled-2010-Mischtechnik-auf-Papier-100-x-70-cm-3.jpg\",\"articleSection\":[\"Archiv\",\"Jens Jensen, David Evison\"],\"inLanguage\":\"en-US\"},{\"@type\":\"WebPage\",\"@id\":\"https:\\\/\\\/galerie-born.de\\\/en\\\/%e2%97%8f-berlinjens-jensen-david-evisonmalerei-skulptur10-3-24-4-2021\\\/\",\"url\":\"https:\\\/\\\/galerie-born.de\\\/en\\\/%e2%97%8f-berlinjens-jensen-david-evisonmalerei-skulptur10-3-24-4-2021\\\/\",\"name\":\"\u25cf Berlin Jens Jensen, David Evison painting, sculpture 10 March\u2009\u2013\u200924 April 2021 - GALERIE BORN\",\"isPartOf\":{\"@id\":\"https:\\\/\\\/galerie-born.de\\\/en\\\/#website\"},\"primaryImageOfPage\":{\"@id\":\"https:\\\/\\\/galerie-born.de\\\/en\\\/%e2%97%8f-berlinjens-jensen-david-evisonmalerei-skulptur10-3-24-4-2021\\\/#primaryimage\"},\"image\":{\"@id\":\"https:\\\/\\\/galerie-born.de\\\/%e2%97%8f-berlinjens-jensen-david-evisonmalerei-skulptur10-3-24-4-2021\\\/#primaryimage\"},\"thumbnailUrl\":\"https:\\\/\\\/galerie-born.de\\\/wp-content\\\/uploads\\\/2021\\\/04\\\/Jens-Jensen-\u2013-untitled-2010-Mischtechnik-auf-Papier-100-x-70-cm-3.jpg\",\"datePublished\":\"2021-04-24T13:43:51+00:00\",\"dateModified\":\"2022-10-15T15:13:26+00:00\",\"breadcrumb\":{\"@id\":\"https:\\\/\\\/galerie-born.de\\\/en\\\/%e2%97%8f-berlinjens-jensen-david-evisonmalerei-skulptur10-3-24-4-2021\\\/#breadcrumb\"},\"inLanguage\":\"en-US\",\"potentialAction\":[{\"@type\":\"ReadAction\",\"target\":[[\"https:\\\/\\\/galerie-born.de\\\/en\\\/%e2%97%8f-berlinjens-jensen-david-evisonmalerei-skulptur10-3-24-4-2021\\\/\"]]}]},{\"@type\":\"ImageObject\",\"inLanguage\":\"en-US\",\"@id\":\"https:\\\/\\\/galerie-born.de\\\/en\\\/%e2%97%8f-berlinjens-jensen-david-evisonmalerei-skulptur10-3-24-4-2021\\\/#primaryimage\",\"url\":\"https:\\\/\\\/galerie-born.de\\\/wp-content\\\/uploads\\\/2021\\\/04\\\/Jens-Jensen-\u2013-untitled-2010-Mischtechnik-auf-Papier-100-x-70-cm-3.jpg\",\"contentUrl\":\"https:\\\/\\\/galerie-born.de\\\/wp-content\\\/uploads\\\/2021\\\/04\\\/Jens-Jensen-\u2013-untitled-2010-Mischtechnik-auf-Papier-100-x-70-cm-3.jpg\",\"width\":1300,\"height\":1764},{\"@type\":\"BreadcrumbList\",\"@id\":\"https:\\\/\\\/galerie-born.de\\\/en\\\/%e2%97%8f-berlinjens-jensen-david-evisonmalerei-skulptur10-3-24-4-2021\\\/#breadcrumb\",\"itemListElement\":[{\"@type\":\"ListItem\",\"position\":1,\"name\":\"Startseite\",\"item\":\"https:\\\/\\\/galerie-born.de\\\/en\\\/\"},{\"@type\":\"ListItem\",\"position\":2,\"name\":\"\u25cf BerlinJens Jensen, David EvisonMalerei, Skulptur10.3.\u2009\u2013\u200924.4.\u20092021\"}]},{\"@type\":\"WebSite\",\"@id\":\"https:\\\/\\\/galerie-born.de\\\/en\\\/#website\",\"url\":\"https:\\\/\\\/galerie-born.de\\\/en\\\/\",\"name\":\"GALERIE BORN\",\"description\":\"GALLERY BORN\",\"publisher\":{\"@id\":\"https:\\\/\\\/galerie-born.de\\\/en\\\/#organization\"},\"potentialAction\":[{\"@type\":\"SearchAction\",\"target\":{\"@type\":\"EntryPoint\",\"urlTemplate\":\"https:\\\/\\\/galerie-born.de\\\/en\\\/?s={search_term_string}\"},\"query-input\":{\"@type\":\"PropertyValueSpecification\",\"valueRequired\":true,\"valueName\":\"search_term_string\"}}],\"inLanguage\":\"en-US\"},{\"@type\":\"Organization\",\"@id\":\"https:\\\/\\\/galerie-born.de\\\/en\\\/#organization\",\"name\":\"GALERIE BORN\",\"url\":\"https:\\\/\\\/galerie-born.de\\\/en\\\/\",\"logo\":{\"@type\":\"ImageObject\",\"inLanguage\":\"en-US\",\"@id\":\"https:\\\/\\\/galerie-born.de\\\/en\\\/#\\\/schema\\\/logo\\\/image\\\/\",\"url\":\"https:\\\/\\\/galerie-born.de\\\/wp-content\\\/uploads\\\/2025\\\/10\\\/cropped-Galeri-born-favicon.png\",\"contentUrl\":\"https:\\\/\\\/galerie-born.de\\\/wp-content\\\/uploads\\\/2025\\\/10\\\/cropped-Galeri-born-favicon.png\",\"width\":512,\"height\":512,\"caption\":\"GALERIE BORN\"},\"image\":{\"@id\":\"https:\\\/\\\/galerie-born.de\\\/en\\\/#\\\/schema\\\/logo\\\/image\\\/\"}},{\"@type\":\"Person\",\"@id\":\"https:\\\/\\\/galerie-born.de\\\/#\\\/schema\\\/person\\\/3f5bcaab814588d5c898904da4feccd7\",\"name\":\"admin\",\"image\":{\"@type\":\"ImageObject\",\"inLanguage\":\"en-US\",\"@id\":\"https:\\\/\\\/secure.gravatar.com\\\/avatar\\\/b187a62584e89a20ee9c55ace28583ac9ff787a32e4ba5ca7712ac65a2c94143?s=96&d=mm&r=g\",\"url\":\"https:\\\/\\\/secure.gravatar.com\\\/avatar\\\/b187a62584e89a20ee9c55ace28583ac9ff787a32e4ba5ca7712ac65a2c94143?s=96&d=mm&r=g\",\"contentUrl\":\"https:\\\/\\\/secure.gravatar.com\\\/avatar\\\/b187a62584e89a20ee9c55ace28583ac9ff787a32e4ba5ca7712ac65a2c94143?s=96&d=mm&r=g\",\"caption\":\"admin\"},\"sameAs\":[\"http:\\\/\\\/galerie-born.de\"],\"url\":\"https:\\\/\\\/galerie-born.de\\\/en\\\/author\\\/admin\\\/\"}]}<\/script>\n<!-- \/ Yoast SEO plugin. -->","yoast_head_json":{"title":"\u25cf BerlinJens Jensen, David Evisonpainting, sculpture10 March\u2009\u2013\u200924 April 2021 - GALERIE BORN","robots":{"index":"index","follow":"follow","max-snippet":"max-snippet:-1","max-image-preview":"max-image-preview:large","max-video-preview":"max-video-preview:-1"},"canonical":"https:\/\/galerie-born.de\/en\/\u25cf-berlinjens-jensen-david-evisonmalerei-skulptur10-3-24-4-2021\/","og_locale":"en_US","og_type":"article","og_title":"\u25cf BerlinJens Jensen, David Evisonpainting, sculpture10 March\u2009\u2013\u200924 April 2021 - GALERIE BORN","og_url":"https:\/\/galerie-born.de\/en\/\u25cf-berlinjens-jensen-david-evisonmalerei-skulptur10-3-24-4-2021\/","og_site_name":"GALERIE BORN","article_published_time":"2021-04-24T13:43:51+00:00","article_modified_time":"2022-10-15T15:13:26+00:00","og_image":[{"width":1300,"height":1764,"url":"https:\/\/galerie-born.de\/wp-content\/uploads\/2021\/04\/Jens-Jensen-\u2013-untitled-2010-Mischtechnik-auf-Papier-100-x-70-cm-3.jpg","type":"image\/jpeg"}],"author":"admin","twitter_card":"summary_large_image","twitter_misc":{"Written by":"admin"},"schema":{"@context":"https:\/\/schema.org","@graph":[{"@type":"Article","@id":"https:\/\/galerie-born.de\/%e2%97%8f-berlinjens-jensen-david-evisonmalerei-skulptur10-3-24-4-2021\/#article","isPartOf":{"@id":"https:\/\/galerie-born.de\/%e2%97%8f-berlinjens-jensen-david-evisonmalerei-skulptur10-3-24-4-2021\/"},"author":{"name":"admin","@id":"https:\/\/galerie-born.de\/#\/schema\/person\/3f5bcaab814588d5c898904da4feccd7"},"headline":"\u25cf Berlin Jens Jensen, David Evison painting, sculpture 10 March\u2009\u2013\u200924 April 2021","datePublished":"2021-04-24T13:43:51+00:00","dateModified":"2022-10-15T15:13:26+00:00","mainEntityOfPage":{"@id":"https:\/\/galerie-born.de\/%e2%97%8f-berlinjens-jensen-david-evisonmalerei-skulptur10-3-24-4-2021\/"},"wordCount":16,"publisher":{"@id":"https:\/\/galerie-born.de\/#organization"},"image":{"@id":"https:\/\/galerie-born.de\/%e2%97%8f-berlinjens-jensen-david-evisonmalerei-skulptur10-3-24-4-2021\/#primaryimage"},"thumbnailUrl":"https:\/\/galerie-born.de\/wp-content\/uploads\/2021\/04\/Jens-Jensen-\u2013-untitled-2010-Mischtechnik-auf-Papier-100-x-70-cm-3.jpg","articleSection":["Archiv","Jens Jensen, David Evison"],"inLanguage":"en-US"},{"@type":"WebPage","@id":"https:\/\/galerie-born.de\/en\/%e2%97%8f-berlinjens-jensen-david-evisonmalerei-skulptur10-3-24-4-2021\/","url":"https:\/\/galerie-born.de\/en\/%e2%97%8f-berlinjens-jensen-david-evisonmalerei-skulptur10-3-24-4-2021\/","name":"\u25cf Berlin Jens Jensen, David Evison painting, sculpture 10 March\u2009\u2013\u200924 April 2021 - GALERIE BORN","isPartOf":{"@id":"https:\/\/galerie-born.de\/en\/#website"},"primaryImageOfPage":{"@id":"https:\/\/galerie-born.de\/en\/%e2%97%8f-berlinjens-jensen-david-evisonmalerei-skulptur10-3-24-4-2021\/#primaryimage"},"image":{"@id":"https:\/\/galerie-born.de\/%e2%97%8f-berlinjens-jensen-david-evisonmalerei-skulptur10-3-24-4-2021\/#primaryimage"},"thumbnailUrl":"https:\/\/galerie-born.de\/wp-content\/uploads\/2021\/04\/Jens-Jensen-\u2013-untitled-2010-Mischtechnik-auf-Papier-100-x-70-cm-3.jpg","datePublished":"2021-04-24T13:43:51+00:00","dateModified":"2022-10-15T15:13:26+00:00","breadcrumb":{"@id":"https:\/\/galerie-born.de\/en\/%e2%97%8f-berlinjens-jensen-david-evisonmalerei-skulptur10-3-24-4-2021\/#breadcrumb"},"inLanguage":"en-US","potentialAction":[{"@type":"ReadAction","target":[["https:\/\/galerie-born.de\/en\/%e2%97%8f-berlinjens-jensen-david-evisonmalerei-skulptur10-3-24-4-2021\/"]]}]},{"@type":"ImageObject","inLanguage":"en-US","@id":"https:\/\/galerie-born.de\/en\/%e2%97%8f-berlinjens-jensen-david-evisonmalerei-skulptur10-3-24-4-2021\/#primaryimage","url":"https:\/\/galerie-born.de\/wp-content\/uploads\/2021\/04\/Jens-Jensen-\u2013-untitled-2010-Mischtechnik-auf-Papier-100-x-70-cm-3.jpg","contentUrl":"https:\/\/galerie-born.de\/wp-content\/uploads\/2021\/04\/Jens-Jensen-\u2013-untitled-2010-Mischtechnik-auf-Papier-100-x-70-cm-3.jpg","width":1300,"height":1764},{"@type":"BreadcrumbList","@id":"https:\/\/galerie-born.de\/en\/%e2%97%8f-berlinjens-jensen-david-evisonmalerei-skulptur10-3-24-4-2021\/#breadcrumb","itemListElement":[{"@type":"ListItem","position":1,"name":"Startseite","item":"https:\/\/galerie-born.de\/en\/"},{"@type":"ListItem","position":2,"name":"\u25cf BerlinJens Jensen, David EvisonMalerei, Skulptur10.3.\u2009\u2013\u200924.4.\u20092021"}]},{"@type":"WebSite","@id":"https:\/\/galerie-born.de\/en\/#website","url":"https:\/\/galerie-born.de\/en\/","name":"GALERIE BORN","description":"GALLERY BORN","publisher":{"@id":"https:\/\/galerie-born.de\/en\/#organization"},"potentialAction":[{"@type":"SearchAction","target":{"@type":"EntryPoint","urlTemplate":"https:\/\/galerie-born.de\/en\/?s={search_term_string}"},"query-input":{"@type":"PropertyValueSpecification","valueRequired":true,"valueName":"search_term_string"}}],"inLanguage":"en-US"},{"@type":"Organization","@id":"https:\/\/galerie-born.de\/en\/#organization","name":"GALERIE BORN","url":"https:\/\/galerie-born.de\/en\/","logo":{"@type":"ImageObject","inLanguage":"en-US","@id":"https:\/\/galerie-born.de\/en\/#\/schema\/logo\/image\/","url":"https:\/\/galerie-born.de\/wp-content\/uploads\/2025\/10\/cropped-Galeri-born-favicon.png","contentUrl":"https:\/\/galerie-born.de\/wp-content\/uploads\/2025\/10\/cropped-Galeri-born-favicon.png","width":512,"height":512,"caption":"GALERIE BORN"},"image":{"@id":"https:\/\/galerie-born.de\/en\/#\/schema\/logo\/image\/"}},{"@type":"Person","@id":"https:\/\/galerie-born.de\/#\/schema\/person\/3f5bcaab814588d5c898904da4feccd7","name":"admin","image":{"@type":"ImageObject","inLanguage":"en-US","@id":"https:\/\/secure.gravatar.com\/avatar\/b187a62584e89a20ee9c55ace28583ac9ff787a32e4ba5ca7712ac65a2c94143?s=96&d=mm&r=g","url":"https:\/\/secure.gravatar.com\/avatar\/b187a62584e89a20ee9c55ace28583ac9ff787a32e4ba5ca7712ac65a2c94143?s=96&d=mm&r=g","contentUrl":"https:\/\/secure.gravatar.com\/avatar\/b187a62584e89a20ee9c55ace28583ac9ff787a32e4ba5ca7712ac65a2c94143?s=96&d=mm&r=g","caption":"admin"},"sameAs":["http:\/\/galerie-born.de"],"url":"https:\/\/galerie-born.de\/en\/author\/admin\/"}]}},"grid":"{\r\n  \"colCount\": 12,\r\n  \"colGutter\": 1,\r\n  \"rowGutters\": [\r\n    3,\r\n    0.5,\r\n    3,\r\n    3\r\n  ],\r\n  \"frameMargin\": 5,\r\n  \"leftFrameMargin\": 1,\r\n  \"rightFrameMargin\": 1,\r\n  \"topFrameMargin\": 1,\r\n  \"bottomFrameMargin\": 10,\r\n  \"rowAttrs\": [\r\n    {},\r\n    {},\r\n    {},\r\n    {},\r\n    {}\r\n  ],\r\n  \"bgColor\": null,\r\n  \"cont\": [\r\n    {\r\n      \"type\": \"text\",\r\n      \"cont\": \"<p>\u25cf Berlin<\/p><p><span>Jens Jensen, <\/span><span>David Evison<\/span><em>\u00a0<\/em><br \/><span><em>painting, sculpture<\/em><br \/>10 March\u2009\u2013\u200924 April 2021<\/span><\/p>\",\r\n      \"align\": \"top\",\r\n      \"row\": 0,\r\n      \"col\": 3,\r\n      \"colspan\": 8,\r\n      \"offsetx\": 0,\r\n      \"offsety\": 0,\r\n      \"spaceabove\": 0,\r\n      \"spacebelow\": 0,\r\n      \"yvel\": 1,\r\n      \"push\": 3,\r\n      \"relid\": 387,\r\n      \"absolute_position\": false\r\n    },\r\n    {\r\n      \"type\": \"text\",\r\n      \"cont\": \"<p>Works<\/p>\",\r\n      \"align\": \"top\",\r\n      \"row\": 1,\r\n      \"col\": 3,\r\n      \"colspan\": 8,\r\n      \"offsetx\": 0,\r\n      \"offsety\": 0,\r\n      \"spaceabove\": 0,\r\n      \"spacebelow\": 0,\r\n      \"yvel\": 1,\r\n      \"push\": 3,\r\n      \"relid\": 6,\r\n      \"absolute_position\": false\r\n    },\r\n    {\r\n      \"type\": \"elementgrid\",\r\n      \"cont\": \"\",\r\n      \"align\": \"top\",\r\n      \"row\": 2,\r\n      \"col\": 3,\r\n      \"colspan\": 8,\r\n      \"offsetx\": 0,\r\n      \"offsety\": 0,\r\n      \"spaceabove\": 0,\r\n      \"spacebelow\": 0,\r\n      \"yvel\": 1,\r\n      \"push\": 3,\r\n      \"relid\": 419,\r\n      \"config\": {\r\n        \"desktop\": {\r\n          \"colCount\": 12,\r\n          \"colGutter\": 0.5,\r\n          \"rowGutter\": 0.5\r\n        },\r\n        \"tablet\": {\r\n          \"colCount\": 2,\r\n          \"colGutter\": 1,\r\n          \"rowGutter\": 1\r\n        },\r\n        \"phone\": {\r\n          \"colCount\": 1,\r\n          \"colGutter\": 1,\r\n          \"rowGutter\": 1\r\n        },\r\n        \"layoutType\": \"top-aligned\",\r\n        \"elements\": [\r\n          {\r\n            \"type\": \"img\",\r\n            \"attid\": 14703,\r\n            \"cont\": \"\/wp-content\/uploads\/2021\/04\/Jens-Jensen-\u2013-untitled-2010-Mischtechnik-auf-Papier-100-x-70-cm-3.jpg\",\r\n            \"sizes\": {\r\n              \"full\": \"\/wp-content\/uploads\/2021\/04\/Jens-Jensen-\u2013-untitled-2010-Mischtechnik-auf-Papier-100-x-70-cm-3.jpg\",\r\n              \"_1280\": \"\/wp-content\/uploads\/2021\/04\/Jens-Jensen-\u2013-untitled-2010-Mischtechnik-auf-Papier-100-x-70-cm-3-1280x1737.jpg\",\r\n              \"_1024\": \"\/wp-content\/uploads\/2021\/04\/Jens-Jensen-\u2013-untitled-2010-Mischtechnik-auf-Papier-100-x-70-cm-3-1024x1389.jpg\",\r\n              \"_768\": \"\/wp-content\/uploads\/2021\/04\/Jens-Jensen-\u2013-untitled-2010-Mischtechnik-auf-Papier-100-x-70-cm-3-768x1042.jpg\",\r\n              \"_512\": \"\/wp-content\/uploads\/2021\/04\/Jens-Jensen-\u2013-untitled-2010-Mischtechnik-auf-Papier-100-x-70-cm-3-512x695.jpg\",\r\n              \"_265\": \"\/wp-content\/uploads\/2021\/04\/Jens-Jensen-\u2013-untitled-2010-Mischtechnik-auf-Papier-100-x-70-cm-3-265x360.jpg\"\r\n            },\r\n            \"w\": 1300,\r\n            \"h\": 1764,\r\n            \"ar\": 1.356923076923077,\r\n            \"alt\": \"\",\r\n            \"lightbox_caption\": \"<p class=\\\"_BU\\\">Jens Jensen \u2013\u00a0untitled, 2008, Acryl auf Papier, 115 x 78 cm<\/p>\"\r\n          },\r\n          {\r\n            \"type\": \"img\",\r\n            \"attid\": 14702,\r\n            \"cont\": \"\/wp-content\/uploads\/2021\/04\/Jens-Jensen-\u2013-untitled-2010-Mischtechnik-auf-Papier-100-x-70-cm-2.jpg\",\r\n            \"sizes\": {\r\n              \"full\": \"\/wp-content\/uploads\/2021\/04\/Jens-Jensen-\u2013-untitled-2010-Mischtechnik-auf-Papier-100-x-70-cm-2.jpg\",\r\n              \"_1280\": \"\/wp-content\/uploads\/2021\/04\/Jens-Jensen-\u2013-untitled-2010-Mischtechnik-auf-Papier-100-x-70-cm-2-1280x1740.jpg\",\r\n              \"_1024\": \"\/wp-content\/uploads\/2021\/04\/Jens-Jensen-\u2013-untitled-2010-Mischtechnik-auf-Papier-100-x-70-cm-2-1024x1392.jpg\",\r\n              \"_768\": \"\/wp-content\/uploads\/2021\/04\/Jens-Jensen-\u2013-untitled-2010-Mischtechnik-auf-Papier-100-x-70-cm-2-768x1044.jpg\",\r\n              \"_512\": \"\/wp-content\/uploads\/2021\/04\/Jens-Jensen-\u2013-untitled-2010-Mischtechnik-auf-Papier-100-x-70-cm-2-512x696.jpg\",\r\n              \"_265\": \"\/wp-content\/uploads\/2021\/04\/Jens-Jensen-\u2013-untitled-2010-Mischtechnik-auf-Papier-100-x-70-cm-2-265x360.jpg\"\r\n            },\r\n            \"w\": 1298,\r\n            \"h\": 1764,\r\n            \"ar\": 1.3590138674884438,\r\n            \"alt\": \"\",\r\n            \"lightbox_caption\": \"<p class=\\\"_BU\\\">Jens Jensen \u2013\u00a0untitled, 2010, Acryl auf Papier, 115 x 78 cm<\/p>\"\r\n          },\r\n          {\r\n            \"type\": \"img\",\r\n            \"attid\": 14701,\r\n            \"cont\": \"\/wp-content\/uploads\/2021\/04\/Jens-Jensen-\u2013-untitled-2010-Mischtechnik-auf-Papier-100-x-70-cm-1.jpg\",\r\n            \"sizes\": {\r\n              \"full\": \"\/wp-content\/uploads\/2021\/04\/Jens-Jensen-\u2013-untitled-2010-Mischtechnik-auf-Papier-100-x-70-cm-1.jpg\",\r\n              \"_1280\": \"\/wp-content\/uploads\/2021\/04\/Jens-Jensen-\u2013-untitled-2010-Mischtechnik-auf-Papier-100-x-70-cm-1-1280x1727.jpg\",\r\n              \"_1024\": \"\/wp-content\/uploads\/2021\/04\/Jens-Jensen-\u2013-untitled-2010-Mischtechnik-auf-Papier-100-x-70-cm-1-1024x1382.jpg\",\r\n              \"_768\": \"\/wp-content\/uploads\/2021\/04\/Jens-Jensen-\u2013-untitled-2010-Mischtechnik-auf-Papier-100-x-70-cm-1-768x1036.jpg\",\r\n              \"_512\": \"\/wp-content\/uploads\/2021\/04\/Jens-Jensen-\u2013-untitled-2010-Mischtechnik-auf-Papier-100-x-70-cm-1-512x691.jpg\",\r\n              \"_265\": \"\/wp-content\/uploads\/2021\/04\/Jens-Jensen-\u2013-untitled-2010-Mischtechnik-auf-Papier-100-x-70-cm-1-265x358.jpg\"\r\n            },\r\n            \"w\": 1306,\r\n            \"h\": 1762,\r\n            \"ar\": 1.349157733537519,\r\n            \"alt\": \"\",\r\n            \"lightbox_caption\": \"<p class=\\\"_BU\\\">Jens Jensen \u2013\u00a0untitled, 2010, Acryl auf Papier, 115 x 78 cm<\/p>\"\r\n          },\r\n          {\r\n            \"type\": \"img\",\r\n            \"attid\": 14700,\r\n            \"cont\": \"\/wp-content\/uploads\/2021\/04\/Jens-Jensen-\u2013-untitled-2010-Mischtechnik-auf-Papier-70-x-100-cm-7.jpg\",\r\n            \"sizes\": {\r\n              \"full\": \"\/wp-content\/uploads\/2021\/04\/Jens-Jensen-\u2013-untitled-2010-Mischtechnik-auf-Papier-70-x-100-cm-7.jpg\",\r\n              \"_1280\": \"\/wp-content\/uploads\/2021\/04\/Jens-Jensen-\u2013-untitled-2010-Mischtechnik-auf-Papier-70-x-100-cm-7-1280x944.jpg\",\r\n              \"_1024\": \"\/wp-content\/uploads\/2021\/04\/Jens-Jensen-\u2013-untitled-2010-Mischtechnik-auf-Papier-70-x-100-cm-7-1024x755.jpg\",\r\n              \"_768\": \"\/wp-content\/uploads\/2021\/04\/Jens-Jensen-\u2013-untitled-2010-Mischtechnik-auf-Papier-70-x-100-cm-7-768x566.jpg\",\r\n              \"_512\": \"\/wp-content\/uploads\/2021\/04\/Jens-Jensen-\u2013-untitled-2010-Mischtechnik-auf-Papier-70-x-100-cm-7-512x378.jpg\",\r\n              \"_265\": \"\/wp-content\/uploads\/2021\/04\/Jens-Jensen-\u2013-untitled-2010-Mischtechnik-auf-Papier-70-x-100-cm-7-265x195.jpg\"\r\n            },\r\n            \"w\": 1764,\r\n            \"h\": 1301,\r\n            \"ar\": 0.7375283446712018,\r\n            \"alt\": \"\",\r\n            \"lightbox_caption\": \"<p class=\\\"_BU\\\">Jens Jensen \u2013\u00a0untitled, 2010, Acryl auf Papier, 78 x 115 cm<\/p>\"\r\n          },\r\n          {\r\n            \"type\": \"img\",\r\n            \"attid\": 14699,\r\n            \"cont\": \"\/wp-content\/uploads\/2021\/04\/Jens-Jensen-\u2013-untitled-2010-Mischtechnik-auf-Papier-70-x-100-cm-6.jpg\",\r\n            \"sizes\": {\r\n              \"full\": \"\/wp-content\/uploads\/2021\/04\/Jens-Jensen-\u2013-untitled-2010-Mischtechnik-auf-Papier-70-x-100-cm-6.jpg\",\r\n              \"_1280\": \"\/wp-content\/uploads\/2021\/04\/Jens-Jensen-\u2013-untitled-2010-Mischtechnik-auf-Papier-70-x-100-cm-6-1280x947.jpg\",\r\n              \"_1024\": \"\/wp-content\/uploads\/2021\/04\/Jens-Jensen-\u2013-untitled-2010-Mischtechnik-auf-Papier-70-x-100-cm-6-1024x758.jpg\",\r\n              \"_768\": \"\/wp-content\/uploads\/2021\/04\/Jens-Jensen-\u2013-untitled-2010-Mischtechnik-auf-Papier-70-x-100-cm-6-768x568.jpg\",\r\n              \"_512\": \"\/wp-content\/uploads\/2021\/04\/Jens-Jensen-\u2013-untitled-2010-Mischtechnik-auf-Papier-70-x-100-cm-6-512x379.jpg\",\r\n              \"_265\": \"\/wp-content\/uploads\/2021\/04\/Jens-Jensen-\u2013-untitled-2010-Mischtechnik-auf-Papier-70-x-100-cm-6-265x196.jpg\"\r\n            },\r\n            \"w\": 1764,\r\n            \"h\": 1305,\r\n            \"ar\": 0.7397959183673469,\r\n            \"alt\": \"\",\r\n            \"lightbox_caption\": \"<p class=\\\"_BU\\\">Jens Jensen \u2013\u00a0untitled, 2010, Acryl auf Papier, 78 x 115 cm<\/p>\"\r\n          },\r\n          {\r\n            \"type\": \"img\",\r\n            \"attid\": 14698,\r\n            \"cont\": \"\/wp-content\/uploads\/2021\/04\/Jens-Jensen-\u2013-untitled-2010-Mischtechnik-auf-Papier-70-x-100-cm-5.jpg\",\r\n            \"sizes\": {\r\n              \"full\": \"\/wp-content\/uploads\/2021\/04\/Jens-Jensen-\u2013-untitled-2010-Mischtechnik-auf-Papier-70-x-100-cm-5.jpg\",\r\n              \"_1280\": \"\/wp-content\/uploads\/2021\/04\/Jens-Jensen-\u2013-untitled-2010-Mischtechnik-auf-Papier-70-x-100-cm-5-1280x957.jpg\",\r\n              \"_1024\": \"\/wp-content\/uploads\/2021\/04\/Jens-Jensen-\u2013-untitled-2010-Mischtechnik-auf-Papier-70-x-100-cm-5-1024x766.jpg\",\r\n              \"_768\": \"\/wp-content\/uploads\/2021\/04\/Jens-Jensen-\u2013-untitled-2010-Mischtechnik-auf-Papier-70-x-100-cm-5-768x574.jpg\",\r\n              \"_512\": \"\/wp-content\/uploads\/2021\/04\/Jens-Jensen-\u2013-untitled-2010-Mischtechnik-auf-Papier-70-x-100-cm-5-512x383.jpg\",\r\n              \"_265\": \"\/wp-content\/uploads\/2021\/04\/Jens-Jensen-\u2013-untitled-2010-Mischtechnik-auf-Papier-70-x-100-cm-5-265x198.jpg\"\r\n            },\r\n            \"w\": 1764,\r\n            \"h\": 1319,\r\n            \"ar\": 0.7477324263038548,\r\n            \"alt\": \"\",\r\n            \"lightbox_caption\": \"<p class=\\\"_BU\\\">Jens Jensen \u2013\u00a0untitled, 2013, Acryl auf Papier, 78 x 115 cm<\/p>\"\r\n          },\r\n          {\r\n            \"type\": \"img\",\r\n            \"attid\": 14697,\r\n            \"cont\": \"\/wp-content\/uploads\/2021\/04\/Jens-Jensen-\u2013-untitled-2010-Mischtechnik-auf-Papier-70-x-100-cm-4.jpg\",\r\n            \"sizes\": {\r\n              \"full\": \"\/wp-content\/uploads\/2021\/04\/Jens-Jensen-\u2013-untitled-2010-Mischtechnik-auf-Papier-70-x-100-cm-4.jpg\",\r\n              \"_1280\": \"\/wp-content\/uploads\/2021\/04\/Jens-Jensen-\u2013-untitled-2010-Mischtechnik-auf-Papier-70-x-100-cm-4-1280x947.jpg\",\r\n              \"_1024\": \"\/wp-content\/uploads\/2021\/04\/Jens-Jensen-\u2013-untitled-2010-Mischtechnik-auf-Papier-70-x-100-cm-4-1024x758.jpg\",\r\n              \"_768\": \"\/wp-content\/uploads\/2021\/04\/Jens-Jensen-\u2013-untitled-2010-Mischtechnik-auf-Papier-70-x-100-cm-4-768x568.jpg\",\r\n              \"_512\": \"\/wp-content\/uploads\/2021\/04\/Jens-Jensen-\u2013-untitled-2010-Mischtechnik-auf-Papier-70-x-100-cm-4-512x379.jpg\",\r\n              \"_265\": \"\/wp-content\/uploads\/2021\/04\/Jens-Jensen-\u2013-untitled-2010-Mischtechnik-auf-Papier-70-x-100-cm-4-265x196.jpg\"\r\n            },\r\n            \"w\": 1764,\r\n            \"h\": 1305,\r\n            \"ar\": 0.7397959183673469,\r\n            \"alt\": \"\",\r\n            \"lightbox_caption\": \"<p class=\\\"_BU\\\">Jens Jensen \u2013\u00a0untitled, 2010, Acryl auf Papier, 78 x 115 cm<\/p>\"\r\n          },\r\n          {\r\n            \"type\": \"img\",\r\n            \"attid\": 14696,\r\n            \"cont\": \"\/wp-content\/uploads\/2021\/04\/David-Evison-\u2013-Whorl-2019-Stahl-u.-Kupfer-92-x-42-x-73-cm-1.jpg\",\r\n            \"sizes\": {\r\n              \"full\": \"\/wp-content\/uploads\/2021\/04\/David-Evison-\u2013-Whorl-2019-Stahl-u.-Kupfer-92-x-42-x-73-cm-1.jpg\",\r\n              \"_1280\": \"\/wp-content\/uploads\/2021\/04\/David-Evison-\u2013-Whorl-2019-Stahl-u.-Kupfer-92-x-42-x-73-cm-1-1280x1707.jpg\",\r\n              \"_1024\": \"\/wp-content\/uploads\/2021\/04\/David-Evison-\u2013-Whorl-2019-Stahl-u.-Kupfer-92-x-42-x-73-cm-1-1024x1365.jpg\",\r\n              \"_768\": \"\/wp-content\/uploads\/2021\/04\/David-Evison-\u2013-Whorl-2019-Stahl-u.-Kupfer-92-x-42-x-73-cm-1-768x1024.jpg\",\r\n              \"_512\": \"\/wp-content\/uploads\/2021\/04\/David-Evison-\u2013-Whorl-2019-Stahl-u.-Kupfer-92-x-42-x-73-cm-1-512x683.jpg\",\r\n              \"_265\": \"\/wp-content\/uploads\/2021\/04\/David-Evison-\u2013-Whorl-2019-Stahl-u.-Kupfer-92-x-42-x-73-cm-1-265x353.jpg\"\r\n            },\r\n            \"w\": 1440,\r\n            \"h\": 1920,\r\n            \"ar\": 1.3333333333333333,\r\n            \"alt\": \"\",\r\n            \"lightbox_caption\": \"<p class=\\\"_BU\\\">David Evison \u2013\u00a0Whorl, 2019, Stahl u. Kupfer, 92 x 42 x 73 cm<\/p>\"\r\n          },\r\n          {\r\n            \"type\": \"img\",\r\n            \"attid\": 14695,\r\n            \"cont\": \"\/wp-content\/uploads\/2021\/04\/David-Evison-\u2013-Pennant-2019-\u2013-2021-Stahl-u.-Kupfer-185-x-103-x-77-cm-3.jpg\",\r\n            \"sizes\": {\r\n              \"full\": \"\/wp-content\/uploads\/2021\/04\/David-Evison-\u2013-Pennant-2019-\u2013-2021-Stahl-u.-Kupfer-185-x-103-x-77-cm-3.jpg\",\r\n              \"_1280\": \"\/wp-content\/uploads\/2021\/04\/David-Evison-\u2013-Pennant-2019-\u2013-2021-Stahl-u.-Kupfer-185-x-103-x-77-cm-3-1280x1707.jpg\",\r\n              \"_1024\": \"\/wp-content\/uploads\/2021\/04\/David-Evison-\u2013-Pennant-2019-\u2013-2021-Stahl-u.-Kupfer-185-x-103-x-77-cm-3-1024x1365.jpg\",\r\n              \"_768\": \"\/wp-content\/uploads\/2021\/04\/David-Evison-\u2013-Pennant-2019-\u2013-2021-Stahl-u.-Kupfer-185-x-103-x-77-cm-3-768x1024.jpg\",\r\n              \"_512\": \"\/wp-content\/uploads\/2021\/04\/David-Evison-\u2013-Pennant-2019-\u2013-2021-Stahl-u.-Kupfer-185-x-103-x-77-cm-3-512x683.jpg\",\r\n              \"_265\": \"\/wp-content\/uploads\/2021\/04\/David-Evison-\u2013-Pennant-2019-\u2013-2021-Stahl-u.-Kupfer-185-x-103-x-77-cm-3-265x353.jpg\"\r\n            },\r\n            \"w\": 1440,\r\n            \"h\": 1920,\r\n            \"ar\": 1.3333333333333333,\r\n            \"alt\": \"\",\r\n            \"lightbox_caption\": \"<p class=\\\"_BU\\\">David Evison \u2013\u00a0Pennant, 2019 \u2013 2021, Stahl u. Kupfer, 185 x 103 x 77 cm<\/p>\"\r\n          },\r\n          {\r\n            \"type\": \"img\",\r\n            \"attid\": 14694,\r\n            \"cont\": \"\/wp-content\/uploads\/2021\/04\/David-Evison-\u2013-Pendel-2019-\u2013-2021-Stahl-u.-Kupfer-177-x-103-x-78-cm-1.jpg\",\r\n            \"sizes\": {\r\n              \"full\": \"\/wp-content\/uploads\/2021\/04\/David-Evison-\u2013-Pendel-2019-\u2013-2021-Stahl-u.-Kupfer-177-x-103-x-78-cm-1.jpg\",\r\n              \"_1280\": \"\/wp-content\/uploads\/2021\/04\/David-Evison-\u2013-Pendel-2019-\u2013-2021-Stahl-u.-Kupfer-177-x-103-x-78-cm-1-1280x1707.jpg\",\r\n              \"_1024\": \"\/wp-content\/uploads\/2021\/04\/David-Evison-\u2013-Pendel-2019-\u2013-2021-Stahl-u.-Kupfer-177-x-103-x-78-cm-1-1024x1365.jpg\",\r\n              \"_768\": \"\/wp-content\/uploads\/2021\/04\/David-Evison-\u2013-Pendel-2019-\u2013-2021-Stahl-u.-Kupfer-177-x-103-x-78-cm-1-768x1024.jpg\",\r\n              \"_512\": \"\/wp-content\/uploads\/2021\/04\/David-Evison-\u2013-Pendel-2019-\u2013-2021-Stahl-u.-Kupfer-177-x-103-x-78-cm-1-512x683.jpg\",\r\n              \"_265\": \"\/wp-content\/uploads\/2021\/04\/David-Evison-\u2013-Pendel-2019-\u2013-2021-Stahl-u.-Kupfer-177-x-103-x-78-cm-1-265x353.jpg\"\r\n            },\r\n            \"w\": 1440,\r\n            \"h\": 1920,\r\n            \"ar\": 1.3333333333333333,\r\n            \"alt\": \"\",\r\n            \"lightbox_caption\": \"<p class=\\\"_BU\\\">David Evison \u2013\u00a0Pendel, 2019 \u2013 2021, Stahl u. Kupfer, 177 x 103 x 78 cm<\/p>\"\r\n          },\r\n          {\r\n            \"type\": \"img\",\r\n            \"attid\": 14693,\r\n            \"cont\": \"\/wp-content\/uploads\/2021\/04\/David-Evison-\u2013-Meander-2019-Stahl-u.-Kupfer-99-x-78-x-63-cm-1.jpg\",\r\n            \"sizes\": {\r\n              \"full\": \"\/wp-content\/uploads\/2021\/04\/David-Evison-\u2013-Meander-2019-Stahl-u.-Kupfer-99-x-78-x-63-cm-1.jpg\",\r\n              \"_1280\": \"\/wp-content\/uploads\/2021\/04\/David-Evison-\u2013-Meander-2019-Stahl-u.-Kupfer-99-x-78-x-63-cm-1-1280x1707.jpg\",\r\n              \"_1024\": \"\/wp-content\/uploads\/2021\/04\/David-Evison-\u2013-Meander-2019-Stahl-u.-Kupfer-99-x-78-x-63-cm-1-1024x1365.jpg\",\r\n              \"_768\": \"\/wp-content\/uploads\/2021\/04\/David-Evison-\u2013-Meander-2019-Stahl-u.-Kupfer-99-x-78-x-63-cm-1-768x1024.jpg\",\r\n              \"_512\": \"\/wp-content\/uploads\/2021\/04\/David-Evison-\u2013-Meander-2019-Stahl-u.-Kupfer-99-x-78-x-63-cm-1-512x683.jpg\",\r\n              \"_265\": \"\/wp-content\/uploads\/2021\/04\/David-Evison-\u2013-Meander-2019-Stahl-u.-Kupfer-99-x-78-x-63-cm-1-265x353.jpg\"\r\n            },\r\n            \"w\": 1440,\r\n            \"h\": 1920,\r\n            \"ar\": 1.3333333333333333,\r\n            \"alt\": \"\",\r\n            \"lightbox_caption\": \"<p class=\\\"_BU\\\">David Evison \u2013\u00a0Meander, 2019, Stahl u. Kupfer, 99 x 78 x 63 cm<\/p>\"\r\n          }\r\n        ],\r\n        \"addtostart\": false,\r\n        \"gutterMu\": \"%\"\r\n      },\r\n      \"absolute_position\": false\r\n    },\r\n    {\r\n      \"type\": \"text\",\r\n      \"cont\": \"<p class=\\\"_Default\\\"><span>Jens Jensen + <\/span><span>David Evison<\/span><\/p><p class=\\\"_Fliesstexte\\\"><span>The painter Jens Jensen and the sculptor David Evison have known each other for what feels like an eternity. They met at the Hochschule der K\u00fcnste Berlin (now the Universit\u00e4t der K\u00fcnste \u2013 UdK). Jens Jensen taught there in various departments from the 1970s until 2005, David Evison was Professor for Sculpture from 1984 until 2010.<\/span><br \/><span>However, their origins and development couldn\u2019t be more different: Jensen grew up in Ahrensburg near Hamburg, and worked, amongst other things, as a Jazz trumpeter before he went to Berlin at the beginning of 1960, where he devoted himself exclusively to drawing, printed graphics and painting. As a Jazz trumpeter Jensen loved improvisation, and if one looks at his paintings on canvas and paper, he appears to employ it here too. His comprehensive series of works on paper such as \u201cLa Place\u201d or \u201cLes Copains de Nuit\u201d are examples of the freedoms he takes. Just as he did as a musician in the past, he varies themes in his pictorial works, playing out possibilities, extending to a continual self-questioning, finished or unfinished.<\/span><br \/><span>David Evison was born in China as the son of a missionary, and for a long time commuted between Great Britain, China and Germany. At the beginning of the 1960s, when Jens Jensen was putting down his trumpet, David Evison began his sculpture studies in London. Building on a precise knowledge of classical sculpture, he explores the limits and possibilities of sculpture in his works. Refusing to recognise any limitations, he pursues pure artistic freedom.<\/span><br \/><span>Both artists feel an affinity with American Abstract Expressionism, creating their very own world of forms. These oscillate between abstraction on the one side and the play with figurative references on the other. Both artists allow the fantasy of the viewer free rein, much appears suggestive, but without actually becoming tangible.<\/span><br \/><span>In 2000, commissioned by UdK Berlin, Evison and Jensen toured studios in New York. Their task was to select an artist from the 3rd generation of American Abstract Expressionists, who was then to be invited for a guest professorship and exhibition at the UdK. On entering the studio of John Adams Griefen together, their decision was suddenly made. Griefen received the professorship and exhibition in 2002. To this day all three remain friends, and if one visits them in their respective studios \u2013 Griefen now lives and works in France \u2013 one encounters works of the friends everywhere. By the way, the first joint exhibition of the artists David Evison and Jens Jensen at the Galerie Born in 2013 was a three-way exhibition \u2013 John Adams Griefen was the third artist.<br \/><br \/><\/span>Matthias Fuhrmann, February 2021<br \/><span>\u00a0<\/span><\/p>\",\r\n      \"align\": \"bottom\",\r\n      \"row\": 3,\r\n      \"col\": 3,\r\n      \"colspan\": 8,\r\n      \"offsetx\": 0,\r\n      \"offsety\": 0,\r\n      \"spaceabove\": 0,\r\n      \"spacebelow\": 0,\r\n      \"yvel\": 1,\r\n      \"push\": 3,\r\n      \"relid\": 7,\r\n      \"absolute_position\": false\r\n    },\r\n    {\r\n      \"type\": \"text\",\r\n      \"cont\": \"<p><a href=\\\"https:\/\/galerie-born.de\/jens-jensen\/\\\" data-type=\\\"project\\\" data-id=\\\"13197\\\" data-title=\\\"Nora Mona Bach\\\" data-catid=\\\"[61]\\\"><span>Jens Jensen<\/span> \u21d2<\/a><a href=\\\"http:\/\/neu.galerie-born.de\/strawalde-2\/\\\"><\/a><\/p>\",\r\n      \"align\": \"top\",\r\n      \"row\": 4,\r\n      \"col\": 3,\r\n      \"colspan\": 8,\r\n      \"offsetx\": 0,\r\n      \"offsety\": 0,\r\n      \"spaceabove\": 0,\r\n      \"spacebelow\": 0,\r\n      \"yvel\": 1,\r\n      \"push\": 3,\r\n      \"relid\": 8,\r\n      \"absolute_position\": false\r\n    }\r\n  ]\r\n}","phonegrid":"","_links":{"self":[{"href":"https:\/\/galerie-born.de\/en\/wp-json\/wp\/v2\/posts\/14704","targetHints":{"allow":["GET"]}}],"collection":[{"href":"https:\/\/galerie-born.de\/en\/wp-json\/wp\/v2\/posts"}],"about":[{"href":"https:\/\/galerie-born.de\/en\/wp-json\/wp\/v2\/types\/post"}],"author":[{"embeddable":true,"href":"https:\/\/galerie-born.de\/en\/wp-json\/wp\/v2\/users\/1"}],"replies":[{"embeddable":true,"href":"https:\/\/galerie-born.de\/en\/wp-json\/wp\/v2\/comments?post=14704"}],"version-history":[{"count":0,"href":"https:\/\/galerie-born.de\/en\/wp-json\/wp\/v2\/posts\/14704\/revisions"}],"wp:featuredmedia":[{"embeddable":true,"href":"https:\/\/galerie-born.de\/en\/wp-json\/wp\/v2\/media\/14703"}],"wp:attachment":[{"href":"https:\/\/galerie-born.de\/en\/wp-json\/wp\/v2\/media?parent=14704"}],"wp:term":[{"taxonomy":"category","embeddable":true,"href":"https:\/\/galerie-born.de\/en\/wp-json\/wp\/v2\/categories?post=14704"},{"taxonomy":"post_tag","embeddable":true,"href":"https:\/\/galerie-born.de\/en\/wp-json\/wp\/v2\/tags?post=14704"}],"curies":[{"name":"wp","href":"https:\/\/api.w.org\/{rel}","templated":true}]}}