{"id":15112,"date":"2020-07-19T12:46:06","date_gmt":"2020-07-19T12:46:06","guid":{"rendered":"http:\/\/neu.galerie-born.de\/%e2%97%8f-projektraum-heiddorfflorian-merkelzyklische-bewegung-inszenierte-fotografie24-7-17-10-2021-2\/"},"modified":"2022-10-22T12:37:23","modified_gmt":"2022-10-22T12:37:23","slug":"%e2%97%8f-projektraum-heiddorfclemens-groeszer-und-kuenstler-der-galerieder-initiator-malerei-pur17-5-19-7-2020","status":"publish","type":"post","link":"https:\/\/galerie-born.de\/en\/%e2%97%8f-projektraum-heiddorfclemens-groeszer-und-kuenstler-der-galerieder-initiator-malerei-pur17-5-19-7-2020\/","title":{"rendered":"\u25cf Project Space Heiddorf<br>Clemens Gr\u00f6szer und K\u00fcnstler der Galerie<br><i>Der Initiator \u2013 Malerei Pur<\/i><br>17 May\u2009\u2013\u200919 July 2020"},"content":{"rendered":"","protected":false},"excerpt":{"rendered":"","protected":false},"author":1,"featured_media":15126,"comment_status":"closed","ping_status":"closed","sticky":false,"template":"","format":"standard","meta":[],"categories":[65,112],"tags":[],"class_list":["post-15112","post","type-post","status-publish","has-post-thumbnail","hentry","category-archiv","category-der-initiator-2020"],"yoast_head":"<!-- This site is optimized with the Yoast SEO plugin v27.5 - https:\/\/yoast.com\/product\/yoast-seo-wordpress\/ -->\n<title>\u25cf Project Space HeiddorfClemens Gr\u00f6szer und K\u00fcnstler der GalerieDer Initiator \u2013 Malerei Pur17 May\u2009\u2013\u200919 July 2020 - GALERIE BORN<\/title>\n<meta name=\"robots\" content=\"index, follow, max-snippet:-1, max-image-preview:large, max-video-preview:-1\" \/>\n<link rel=\"canonical\" href=\"https:\/\/galerie-born.de\/en\/\u25cf-projektraum-heiddorfclemens-groeszer-und-kuenstler-der-galerieder-initiator-malerei-pur17-5-19-7-2020\/\" \/>\n<meta property=\"og:locale\" content=\"en_US\" \/>\n<meta property=\"og:type\" content=\"article\" \/>\n<meta property=\"og:title\" content=\"\u25cf Project Space HeiddorfClemens Gr\u00f6szer und K\u00fcnstler der GalerieDer Initiator \u2013 Malerei Pur17 May\u2009\u2013\u200919 July 2020 - GALERIE BORN\" \/>\n<meta property=\"og:url\" content=\"https:\/\/galerie-born.de\/en\/\u25cf-projektraum-heiddorfclemens-groeszer-und-kuenstler-der-galerieder-initiator-malerei-pur17-5-19-7-2020\/\" \/>\n<meta property=\"og:site_name\" content=\"GALERIE BORN\" \/>\n<meta property=\"article:published_time\" content=\"2020-07-19T12:46:06+00:00\" \/>\n<meta property=\"article:modified_time\" content=\"2022-10-22T12:37:23+00:00\" \/>\n<meta property=\"og:image\" content=\"https:\/\/galerie-born.de\/wp-content\/uploads\/2020\/07\/Selbst-mit-M.a\u0301.C.-2011-Mischtechnik-auf-Leinwand-50-x-40-cm.jpg\" \/>\n\t<meta property=\"og:image:width\" content=\"354\" \/>\n\t<meta property=\"og:image:height\" content=\"448\" \/>\n\t<meta property=\"og:image:type\" content=\"image\/jpeg\" \/>\n<meta name=\"author\" content=\"admin\" \/>\n<meta name=\"twitter:card\" content=\"summary_large_image\" \/>\n<meta name=\"twitter:label1\" content=\"Written by\" \/>\n\t<meta name=\"twitter:data1\" content=\"admin\" \/>\n<script type=\"application\/ld+json\" class=\"yoast-schema-graph\">{\"@context\":\"https:\\\/\\\/schema.org\",\"@graph\":[{\"@type\":\"Article\",\"@id\":\"https:\\\/\\\/galerie-born.de\\\/%e2%97%8f-projektraum-heiddorfclemens-groeszer-und-kuenstler-der-galerieder-initiator-malerei-pur17-5-19-7-2020\\\/#article\",\"isPartOf\":{\"@id\":\"https:\\\/\\\/galerie-born.de\\\/%e2%97%8f-projektraum-heiddorfclemens-groeszer-und-kuenstler-der-galerieder-initiator-malerei-pur17-5-19-7-2020\\\/\"},\"author\":{\"name\":\"admin\",\"@id\":\"https:\\\/\\\/galerie-born.de\\\/#\\\/schema\\\/person\\\/3f5bcaab814588d5c898904da4feccd7\"},\"headline\":\"\u25cf Project Space Heiddorf Clemens Gr\u00f6szer und K\u00fcnstler der Galerie Der Initiator \u2013 Malerei Pur 17 May\u2009\u2013\u200919 July 2020\",\"datePublished\":\"2020-07-19T12:46:06+00:00\",\"dateModified\":\"2022-10-22T12:37:23+00:00\",\"mainEntityOfPage\":{\"@id\":\"https:\\\/\\\/galerie-born.de\\\/%e2%97%8f-projektraum-heiddorfclemens-groeszer-und-kuenstler-der-galerieder-initiator-malerei-pur17-5-19-7-2020\\\/\"},\"wordCount\":31,\"publisher\":{\"@id\":\"https:\\\/\\\/galerie-born.de\\\/#organization\"},\"image\":{\"@id\":\"https:\\\/\\\/galerie-born.de\\\/%e2%97%8f-projektraum-heiddorfclemens-groeszer-und-kuenstler-der-galerieder-initiator-malerei-pur17-5-19-7-2020\\\/#primaryimage\"},\"thumbnailUrl\":\"https:\\\/\\\/galerie-born.de\\\/wp-content\\\/uploads\\\/2020\\\/07\\\/Selbst-mit-M.a\u0301.C.-2011-Mischtechnik-auf-Leinwand-50-x-40-cm.jpg\",\"articleSection\":[\"Archiv\",\"Der Initiator 2020\"],\"inLanguage\":\"en-US\"},{\"@type\":\"WebPage\",\"@id\":\"https:\\\/\\\/galerie-born.de\\\/en\\\/%e2%97%8f-projektraum-heiddorfclemens-groeszer-und-kuenstler-der-galerieder-initiator-malerei-pur17-5-19-7-2020\\\/\",\"url\":\"https:\\\/\\\/galerie-born.de\\\/en\\\/%e2%97%8f-projektraum-heiddorfclemens-groeszer-und-kuenstler-der-galerieder-initiator-malerei-pur17-5-19-7-2020\\\/\",\"name\":\"\u25cf Project Space Heiddorf Clemens Gr\u00f6szer und K\u00fcnstler der Galerie Der Initiator \u2013 Malerei Pur 17 May\u2009\u2013\u200919 July 2020 - GALERIE BORN\",\"isPartOf\":{\"@id\":\"https:\\\/\\\/galerie-born.de\\\/en\\\/#website\"},\"primaryImageOfPage\":{\"@id\":\"https:\\\/\\\/galerie-born.de\\\/en\\\/%e2%97%8f-projektraum-heiddorfclemens-groeszer-und-kuenstler-der-galerieder-initiator-malerei-pur17-5-19-7-2020\\\/#primaryimage\"},\"image\":{\"@id\":\"https:\\\/\\\/galerie-born.de\\\/%e2%97%8f-projektraum-heiddorfclemens-groeszer-und-kuenstler-der-galerieder-initiator-malerei-pur17-5-19-7-2020\\\/#primaryimage\"},\"thumbnailUrl\":\"https:\\\/\\\/galerie-born.de\\\/wp-content\\\/uploads\\\/2020\\\/07\\\/Selbst-mit-M.a\u0301.C.-2011-Mischtechnik-auf-Leinwand-50-x-40-cm.jpg\",\"datePublished\":\"2020-07-19T12:46:06+00:00\",\"dateModified\":\"2022-10-22T12:37:23+00:00\",\"breadcrumb\":{\"@id\":\"https:\\\/\\\/galerie-born.de\\\/en\\\/%e2%97%8f-projektraum-heiddorfclemens-groeszer-und-kuenstler-der-galerieder-initiator-malerei-pur17-5-19-7-2020\\\/#breadcrumb\"},\"inLanguage\":\"en-US\",\"potentialAction\":[{\"@type\":\"ReadAction\",\"target\":[[\"https:\\\/\\\/galerie-born.de\\\/en\\\/%e2%97%8f-projektraum-heiddorfclemens-groeszer-und-kuenstler-der-galerieder-initiator-malerei-pur17-5-19-7-2020\\\/\"]]}]},{\"@type\":\"ImageObject\",\"inLanguage\":\"en-US\",\"@id\":\"https:\\\/\\\/galerie-born.de\\\/en\\\/%e2%97%8f-projektraum-heiddorfclemens-groeszer-und-kuenstler-der-galerieder-initiator-malerei-pur17-5-19-7-2020\\\/#primaryimage\",\"url\":\"https:\\\/\\\/galerie-born.de\\\/wp-content\\\/uploads\\\/2020\\\/07\\\/Selbst-mit-M.a\u0301.C.-2011-Mischtechnik-auf-Leinwand-50-x-40-cm.jpg\",\"contentUrl\":\"https:\\\/\\\/galerie-born.de\\\/wp-content\\\/uploads\\\/2020\\\/07\\\/Selbst-mit-M.a\u0301.C.-2011-Mischtechnik-auf-Leinwand-50-x-40-cm.jpg\",\"width\":354,\"height\":448},{\"@type\":\"BreadcrumbList\",\"@id\":\"https:\\\/\\\/galerie-born.de\\\/en\\\/%e2%97%8f-projektraum-heiddorfclemens-groeszer-und-kuenstler-der-galerieder-initiator-malerei-pur17-5-19-7-2020\\\/#breadcrumb\",\"itemListElement\":[{\"@type\":\"ListItem\",\"position\":1,\"name\":\"Startseite\",\"item\":\"https:\\\/\\\/galerie-born.de\\\/en\\\/\"},{\"@type\":\"ListItem\",\"position\":2,\"name\":\"\u25cf Projektraum HeiddorfClemens Gr\u00f6szer und K\u00fcnstler der GalerieDer Initiator \u2013 Malerei Pur17.5.\u2009\u2013\u200919.7.\u20092020\"}]},{\"@type\":\"WebSite\",\"@id\":\"https:\\\/\\\/galerie-born.de\\\/en\\\/#website\",\"url\":\"https:\\\/\\\/galerie-born.de\\\/en\\\/\",\"name\":\"GALERIE BORN\",\"description\":\"GALLERY BORN\",\"publisher\":{\"@id\":\"https:\\\/\\\/galerie-born.de\\\/en\\\/#organization\"},\"potentialAction\":[{\"@type\":\"SearchAction\",\"target\":{\"@type\":\"EntryPoint\",\"urlTemplate\":\"https:\\\/\\\/galerie-born.de\\\/en\\\/?s={search_term_string}\"},\"query-input\":{\"@type\":\"PropertyValueSpecification\",\"valueRequired\":true,\"valueName\":\"search_term_string\"}}],\"inLanguage\":\"en-US\"},{\"@type\":\"Organization\",\"@id\":\"https:\\\/\\\/galerie-born.de\\\/en\\\/#organization\",\"name\":\"GALERIE BORN\",\"url\":\"https:\\\/\\\/galerie-born.de\\\/en\\\/\",\"logo\":{\"@type\":\"ImageObject\",\"inLanguage\":\"en-US\",\"@id\":\"https:\\\/\\\/galerie-born.de\\\/en\\\/#\\\/schema\\\/logo\\\/image\\\/\",\"url\":\"https:\\\/\\\/galerie-born.de\\\/wp-content\\\/uploads\\\/2025\\\/10\\\/cropped-Galeri-born-favicon.png\",\"contentUrl\":\"https:\\\/\\\/galerie-born.de\\\/wp-content\\\/uploads\\\/2025\\\/10\\\/cropped-Galeri-born-favicon.png\",\"width\":512,\"height\":512,\"caption\":\"GALERIE BORN\"},\"image\":{\"@id\":\"https:\\\/\\\/galerie-born.de\\\/en\\\/#\\\/schema\\\/logo\\\/image\\\/\"}},{\"@type\":\"Person\",\"@id\":\"https:\\\/\\\/galerie-born.de\\\/#\\\/schema\\\/person\\\/3f5bcaab814588d5c898904da4feccd7\",\"name\":\"admin\",\"image\":{\"@type\":\"ImageObject\",\"inLanguage\":\"en-US\",\"@id\":\"https:\\\/\\\/secure.gravatar.com\\\/avatar\\\/b187a62584e89a20ee9c55ace28583ac9ff787a32e4ba5ca7712ac65a2c94143?s=96&d=mm&r=g\",\"url\":\"https:\\\/\\\/secure.gravatar.com\\\/avatar\\\/b187a62584e89a20ee9c55ace28583ac9ff787a32e4ba5ca7712ac65a2c94143?s=96&d=mm&r=g\",\"contentUrl\":\"https:\\\/\\\/secure.gravatar.com\\\/avatar\\\/b187a62584e89a20ee9c55ace28583ac9ff787a32e4ba5ca7712ac65a2c94143?s=96&d=mm&r=g\",\"caption\":\"admin\"},\"sameAs\":[\"http:\\\/\\\/galerie-born.de\"],\"url\":\"https:\\\/\\\/galerie-born.de\\\/en\\\/author\\\/admin\\\/\"}]}<\/script>\n<!-- \/ Yoast SEO plugin. -->","yoast_head_json":{"title":"\u25cf Project Space HeiddorfClemens Gr\u00f6szer und K\u00fcnstler der GalerieDer Initiator \u2013 Malerei Pur17 May\u2009\u2013\u200919 July 2020 - GALERIE BORN","robots":{"index":"index","follow":"follow","max-snippet":"max-snippet:-1","max-image-preview":"max-image-preview:large","max-video-preview":"max-video-preview:-1"},"canonical":"https:\/\/galerie-born.de\/en\/\u25cf-projektraum-heiddorfclemens-groeszer-und-kuenstler-der-galerieder-initiator-malerei-pur17-5-19-7-2020\/","og_locale":"en_US","og_type":"article","og_title":"\u25cf Project Space HeiddorfClemens Gr\u00f6szer und K\u00fcnstler der GalerieDer Initiator \u2013 Malerei Pur17 May\u2009\u2013\u200919 July 2020 - GALERIE BORN","og_url":"https:\/\/galerie-born.de\/en\/\u25cf-projektraum-heiddorfclemens-groeszer-und-kuenstler-der-galerieder-initiator-malerei-pur17-5-19-7-2020\/","og_site_name":"GALERIE BORN","article_published_time":"2020-07-19T12:46:06+00:00","article_modified_time":"2022-10-22T12:37:23+00:00","og_image":[{"width":354,"height":448,"url":"https:\/\/galerie-born.de\/wp-content\/uploads\/2020\/07\/Selbst-mit-M.a\u0301.C.-2011-Mischtechnik-auf-Leinwand-50-x-40-cm.jpg","type":"image\/jpeg"}],"author":"admin","twitter_card":"summary_large_image","twitter_misc":{"Written by":"admin"},"schema":{"@context":"https:\/\/schema.org","@graph":[{"@type":"Article","@id":"https:\/\/galerie-born.de\/%e2%97%8f-projektraum-heiddorfclemens-groeszer-und-kuenstler-der-galerieder-initiator-malerei-pur17-5-19-7-2020\/#article","isPartOf":{"@id":"https:\/\/galerie-born.de\/%e2%97%8f-projektraum-heiddorfclemens-groeszer-und-kuenstler-der-galerieder-initiator-malerei-pur17-5-19-7-2020\/"},"author":{"name":"admin","@id":"https:\/\/galerie-born.de\/#\/schema\/person\/3f5bcaab814588d5c898904da4feccd7"},"headline":"\u25cf Project Space Heiddorf Clemens Gr\u00f6szer und K\u00fcnstler der Galerie Der Initiator \u2013 Malerei Pur 17 May\u2009\u2013\u200919 July 2020","datePublished":"2020-07-19T12:46:06+00:00","dateModified":"2022-10-22T12:37:23+00:00","mainEntityOfPage":{"@id":"https:\/\/galerie-born.de\/%e2%97%8f-projektraum-heiddorfclemens-groeszer-und-kuenstler-der-galerieder-initiator-malerei-pur17-5-19-7-2020\/"},"wordCount":31,"publisher":{"@id":"https:\/\/galerie-born.de\/#organization"},"image":{"@id":"https:\/\/galerie-born.de\/%e2%97%8f-projektraum-heiddorfclemens-groeszer-und-kuenstler-der-galerieder-initiator-malerei-pur17-5-19-7-2020\/#primaryimage"},"thumbnailUrl":"https:\/\/galerie-born.de\/wp-content\/uploads\/2020\/07\/Selbst-mit-M.a\u0301.C.-2011-Mischtechnik-auf-Leinwand-50-x-40-cm.jpg","articleSection":["Archiv","Der Initiator 2020"],"inLanguage":"en-US"},{"@type":"WebPage","@id":"https:\/\/galerie-born.de\/en\/%e2%97%8f-projektraum-heiddorfclemens-groeszer-und-kuenstler-der-galerieder-initiator-malerei-pur17-5-19-7-2020\/","url":"https:\/\/galerie-born.de\/en\/%e2%97%8f-projektraum-heiddorfclemens-groeszer-und-kuenstler-der-galerieder-initiator-malerei-pur17-5-19-7-2020\/","name":"\u25cf Project Space Heiddorf Clemens Gr\u00f6szer und K\u00fcnstler der Galerie Der Initiator \u2013 Malerei Pur 17 May\u2009\u2013\u200919 July 2020 - GALERIE BORN","isPartOf":{"@id":"https:\/\/galerie-born.de\/en\/#website"},"primaryImageOfPage":{"@id":"https:\/\/galerie-born.de\/en\/%e2%97%8f-projektraum-heiddorfclemens-groeszer-und-kuenstler-der-galerieder-initiator-malerei-pur17-5-19-7-2020\/#primaryimage"},"image":{"@id":"https:\/\/galerie-born.de\/%e2%97%8f-projektraum-heiddorfclemens-groeszer-und-kuenstler-der-galerieder-initiator-malerei-pur17-5-19-7-2020\/#primaryimage"},"thumbnailUrl":"https:\/\/galerie-born.de\/wp-content\/uploads\/2020\/07\/Selbst-mit-M.a\u0301.C.-2011-Mischtechnik-auf-Leinwand-50-x-40-cm.jpg","datePublished":"2020-07-19T12:46:06+00:00","dateModified":"2022-10-22T12:37:23+00:00","breadcrumb":{"@id":"https:\/\/galerie-born.de\/en\/%e2%97%8f-projektraum-heiddorfclemens-groeszer-und-kuenstler-der-galerieder-initiator-malerei-pur17-5-19-7-2020\/#breadcrumb"},"inLanguage":"en-US","potentialAction":[{"@type":"ReadAction","target":[["https:\/\/galerie-born.de\/en\/%e2%97%8f-projektraum-heiddorfclemens-groeszer-und-kuenstler-der-galerieder-initiator-malerei-pur17-5-19-7-2020\/"]]}]},{"@type":"ImageObject","inLanguage":"en-US","@id":"https:\/\/galerie-born.de\/en\/%e2%97%8f-projektraum-heiddorfclemens-groeszer-und-kuenstler-der-galerieder-initiator-malerei-pur17-5-19-7-2020\/#primaryimage","url":"https:\/\/galerie-born.de\/wp-content\/uploads\/2020\/07\/Selbst-mit-M.a\u0301.C.-2011-Mischtechnik-auf-Leinwand-50-x-40-cm.jpg","contentUrl":"https:\/\/galerie-born.de\/wp-content\/uploads\/2020\/07\/Selbst-mit-M.a\u0301.C.-2011-Mischtechnik-auf-Leinwand-50-x-40-cm.jpg","width":354,"height":448},{"@type":"BreadcrumbList","@id":"https:\/\/galerie-born.de\/en\/%e2%97%8f-projektraum-heiddorfclemens-groeszer-und-kuenstler-der-galerieder-initiator-malerei-pur17-5-19-7-2020\/#breadcrumb","itemListElement":[{"@type":"ListItem","position":1,"name":"Startseite","item":"https:\/\/galerie-born.de\/en\/"},{"@type":"ListItem","position":2,"name":"\u25cf Projektraum HeiddorfClemens Gr\u00f6szer und K\u00fcnstler der GalerieDer Initiator \u2013 Malerei Pur17.5.\u2009\u2013\u200919.7.\u20092020"}]},{"@type":"WebSite","@id":"https:\/\/galerie-born.de\/en\/#website","url":"https:\/\/galerie-born.de\/en\/","name":"GALERIE BORN","description":"GALLERY BORN","publisher":{"@id":"https:\/\/galerie-born.de\/en\/#organization"},"potentialAction":[{"@type":"SearchAction","target":{"@type":"EntryPoint","urlTemplate":"https:\/\/galerie-born.de\/en\/?s={search_term_string}"},"query-input":{"@type":"PropertyValueSpecification","valueRequired":true,"valueName":"search_term_string"}}],"inLanguage":"en-US"},{"@type":"Organization","@id":"https:\/\/galerie-born.de\/en\/#organization","name":"GALERIE BORN","url":"https:\/\/galerie-born.de\/en\/","logo":{"@type":"ImageObject","inLanguage":"en-US","@id":"https:\/\/galerie-born.de\/en\/#\/schema\/logo\/image\/","url":"https:\/\/galerie-born.de\/wp-content\/uploads\/2025\/10\/cropped-Galeri-born-favicon.png","contentUrl":"https:\/\/galerie-born.de\/wp-content\/uploads\/2025\/10\/cropped-Galeri-born-favicon.png","width":512,"height":512,"caption":"GALERIE BORN"},"image":{"@id":"https:\/\/galerie-born.de\/en\/#\/schema\/logo\/image\/"}},{"@type":"Person","@id":"https:\/\/galerie-born.de\/#\/schema\/person\/3f5bcaab814588d5c898904da4feccd7","name":"admin","image":{"@type":"ImageObject","inLanguage":"en-US","@id":"https:\/\/secure.gravatar.com\/avatar\/b187a62584e89a20ee9c55ace28583ac9ff787a32e4ba5ca7712ac65a2c94143?s=96&d=mm&r=g","url":"https:\/\/secure.gravatar.com\/avatar\/b187a62584e89a20ee9c55ace28583ac9ff787a32e4ba5ca7712ac65a2c94143?s=96&d=mm&r=g","contentUrl":"https:\/\/secure.gravatar.com\/avatar\/b187a62584e89a20ee9c55ace28583ac9ff787a32e4ba5ca7712ac65a2c94143?s=96&d=mm&r=g","caption":"admin"},"sameAs":["http:\/\/galerie-born.de"],"url":"https:\/\/galerie-born.de\/en\/author\/admin\/"}]}},"grid":"{\r\n  \"colCount\": 12,\r\n  \"colGutter\": 1,\r\n  \"rowGutters\": [\r\n    3,\r\n    0.5,\r\n    3,\r\n    3\r\n  ],\r\n  \"frameMargin\": 5,\r\n  \"leftFrameMargin\": 1,\r\n  \"rightFrameMargin\": 1,\r\n  \"topFrameMargin\": 1,\r\n  \"bottomFrameMargin\": 10,\r\n  \"rowAttrs\": [\r\n    {},\r\n    {},\r\n    {},\r\n    {},\r\n    {}\r\n  ],\r\n  \"bgColor\": null,\r\n  \"cont\": [\r\n    {\r\n      \"type\": \"text\",\r\n      \"cont\": \"<p>\u25cf Project Space Heiddorf<\/p><p>Clemens Gr\u00f6szer und K\u00fcnstler der Galerie<br \/>Martin Assig, Biene Feld, Angela Dwyer, Han Klinkhamer, Uwe Kowski<br \/><em>Der Initiator \u2013 Malerei Pur<\/em><br \/>17 May\u2009\u2013\u200919 July 2020<\/p>\",\r\n      \"align\": \"top\",\r\n      \"row\": 0,\r\n      \"col\": 3,\r\n      \"colspan\": 8,\r\n      \"offsetx\": 0,\r\n      \"offsety\": 0,\r\n      \"spaceabove\": 0,\r\n      \"spacebelow\": 0,\r\n      \"yvel\": 1,\r\n      \"push\": 3,\r\n      \"relid\": 387,\r\n      \"absolute_position\": false\r\n    },\r\n    {\r\n      \"type\": \"text\",\r\n      \"cont\": \"<p>Works<\/p>\",\r\n      \"align\": \"bottom\",\r\n      \"row\": 1,\r\n      \"col\": 3,\r\n      \"colspan\": 8,\r\n      \"offsetx\": 0,\r\n      \"offsety\": 0,\r\n      \"spaceabove\": 0,\r\n      \"spacebelow\": 0,\r\n      \"yvel\": 1,\r\n      \"push\": 3,\r\n      \"relid\": 6,\r\n      \"absolute_position\": false\r\n    },\r\n    {\r\n      \"type\": \"elementgrid\",\r\n      \"cont\": \"\",\r\n      \"align\": \"top\",\r\n      \"row\": 2,\r\n      \"col\": 3,\r\n      \"colspan\": 8,\r\n      \"offsetx\": 0,\r\n      \"offsety\": 0,\r\n      \"spaceabove\": 0,\r\n      \"spacebelow\": 0,\r\n      \"yvel\": 1,\r\n      \"push\": 3,\r\n      \"relid\": 419,\r\n      \"config\": {\r\n        \"desktop\": {\r\n          \"colCount\": 12,\r\n          \"colGutter\": 0.5,\r\n          \"rowGutter\": 0.5\r\n        },\r\n        \"tablet\": {\r\n          \"colCount\": 2,\r\n          \"colGutter\": 1,\r\n          \"rowGutter\": 1\r\n        },\r\n        \"phone\": {\r\n          \"colCount\": 1,\r\n          \"colGutter\": 1,\r\n          \"rowGutter\": 1\r\n        },\r\n        \"layoutType\": \"top-aligned\",\r\n        \"elements\": [\r\n          {\r\n            \"type\": \"img\",\r\n            \"attid\": 15126,\r\n            \"cont\": \"\/wp-content\/uploads\/2020\/07\/Selbst-mit-M.a\u0301.C.-2011-Mischtechnik-auf-Leinwand-50-x-40-cm.jpg\",\r\n            \"sizes\": {\r\n              \"full\": \"\/wp-content\/uploads\/2020\/07\/Selbst-mit-M.a\u0301.C.-2011-Mischtechnik-auf-Leinwand-50-x-40-cm.jpg\",\r\n              \"_265\": \"\/wp-content\/uploads\/2020\/07\/Selbst-mit-M.a\u0301.C.-2011-Mischtechnik-auf-Leinwand-50-x-40-cm-265x335.jpg\"\r\n            },\r\n            \"w\": 354,\r\n            \"h\": 448,\r\n            \"ar\": 1.265536723163842,\r\n            \"alt\": \"\",\r\n            \"lightbox_caption\": \"<p class=\\\"_BU\\\">Clemens Gr\u00f6szer \u2013 Selbst mit M.a\u0301.C., 2011, Mischtechnik auf Leinwand, 50 x 40 cm<\/p>\"\r\n          },\r\n          {\r\n            \"type\": \"img\",\r\n            \"attid\": 15118,\r\n            \"cont\": \"\/wp-content\/uploads\/2020\/07\/Clemens-Gro\u0308szer-Selbst-IV-1997-Radierung-14-x-10-29-x-20-cm-Auflage-30.jpg\",\r\n            \"sizes\": {\r\n              \"full\": \"\/wp-content\/uploads\/2020\/07\/Clemens-Gro\u0308szer-Selbst-IV-1997-Radierung-14-x-10-29-x-20-cm-Auflage-30.jpg\",\r\n              \"_265\": \"\/wp-content\/uploads\/2020\/07\/Clemens-Gro\u0308szer-Selbst-IV-1997-Radierung-14-x-10-29-x-20-cm-Auflage-30-265x383.jpg\"\r\n            },\r\n            \"w\": 295,\r\n            \"h\": 426,\r\n            \"ar\": 1.4440677966101696,\r\n            \"alt\": \"\",\r\n            \"lightbox_caption\": \"<p class=\\\"_BU\\\">Clemens Gro\u0308szer \u2013 Selbst IV, 1997, Radierung, 14 x 10 (29 x 20) cm, Auflage 30<\/p>\"\r\n          },\r\n          {\r\n            \"type\": \"img\",\r\n            \"attid\": 15119,\r\n            \"cont\": \"\/wp-content\/uploads\/2020\/07\/El-Gordo.-198385-O\u0308l-Collage-auf-Rupfen-90-x-70-cm.jpg\",\r\n            \"sizes\": {\r\n              \"full\": \"\/wp-content\/uploads\/2020\/07\/El-Gordo.-198385-O\u0308l-Collage-auf-Rupfen-90-x-70-cm.jpg\",\r\n              \"_265\": \"\/wp-content\/uploads\/2020\/07\/El-Gordo.-198385-O\u0308l-Collage-auf-Rupfen-90-x-70-cm-265x341.jpg\"\r\n            },\r\n            \"w\": 354,\r\n            \"h\": 455,\r\n            \"ar\": 1.2853107344632768,\r\n            \"alt\": \"\",\r\n            \"lightbox_caption\": \"<p class=\\\"_BU\\\">Clemens Gr\u00f6szer - El Gordo., 1983\/85, O\u0308l, Collage auf Rupfen 90 x 70 cm<\/p>\"\r\n          },\r\n          {\r\n            \"type\": \"img\",\r\n            \"attid\": 15120,\r\n            \"cont\": \"\/wp-content\/uploads\/2020\/07\/Frutti-del-Arte.-1996-Mischtechnik-Collage-auf-Leinwand-200-x-85-cm.jpg\",\r\n            \"sizes\": {\r\n              \"full\": \"\/wp-content\/uploads\/2020\/07\/Frutti-del-Arte.-1996-Mischtechnik-Collage-auf-Leinwand-200-x-85-cm.jpg\",\r\n              \"_265\": \"\/wp-content\/uploads\/2020\/07\/Frutti-del-Arte.-1996-Mischtechnik-Collage-auf-Leinwand-200-x-85-cm-265x624.jpg\"\r\n            },\r\n            \"w\": 354,\r\n            \"h\": 834,\r\n            \"ar\": 2.3559322033898304,\r\n            \"alt\": \"\",\r\n            \"lightbox_caption\": \"<p class=\\\"_BU\\\">Clemens Gr\u00f6szer \u2013 Frutti del Arte, 1996, Mischtechnik, Collage auf Leinwand, 200 x 85 cm<\/p>\"\r\n          },\r\n          {\r\n            \"type\": \"img\",\r\n            \"attid\": 15114,\r\n            \"cont\": \"\/wp-content\/uploads\/2020\/07\/Angela-Dwyer-Lady-Day-2011-O\u0308l-auf-Leinwand-40-x-40-cm.jpg\",\r\n            \"sizes\": {\r\n              \"full\": \"\/wp-content\/uploads\/2020\/07\/Angela-Dwyer-Lady-Day-2011-O\u0308l-auf-Leinwand-40-x-40-cm.jpg\",\r\n              \"_1920\": \"\/wp-content\/uploads\/2020\/07\/Angela-Dwyer-Lady-Day-2011-O\u0308l-auf-Leinwand-40-x-40-cm-1920x1857.jpg\",\r\n              \"_1280\": \"\/wp-content\/uploads\/2020\/07\/Angela-Dwyer-Lady-Day-2011-O\u0308l-auf-Leinwand-40-x-40-cm-1280x1238.jpg\",\r\n              \"_1024\": \"\/wp-content\/uploads\/2020\/07\/Angela-Dwyer-Lady-Day-2011-O\u0308l-auf-Leinwand-40-x-40-cm-1024x990.jpg\",\r\n              \"_768\": \"\/wp-content\/uploads\/2020\/07\/Angela-Dwyer-Lady-Day-2011-O\u0308l-auf-Leinwand-40-x-40-cm-768x743.jpg\",\r\n              \"_512\": \"\/wp-content\/uploads\/2020\/07\/Angela-Dwyer-Lady-Day-2011-O\u0308l-auf-Leinwand-40-x-40-cm-512x495.jpg\",\r\n              \"_265\": \"\/wp-content\/uploads\/2020\/07\/Angela-Dwyer-Lady-Day-2011-O\u0308l-auf-Leinwand-40-x-40-cm-265x256.jpg\"\r\n            },\r\n            \"w\": 2123,\r\n            \"h\": 2053,\r\n            \"ar\": 0.9670277908619878,\r\n            \"alt\": \"\",\r\n            \"lightbox_caption\": \"<p class=\\\"_BU\\\">Angela Dwyer \u2013 Lady Day, 2011, O\u0308l auf Leinwand , 40 x 40 cm<\/p>\"\r\n          },\r\n          {\r\n            \"type\": \"img\",\r\n            \"attid\": 15115,\r\n            \"cont\": \"\/wp-content\/uploads\/2020\/07\/Angela-Dwyer-Tinker-Taler-2006-O\u0308l-auf-Leinwand-60-x-80-cm.jpg\",\r\n            \"sizes\": {\r\n              \"full\": \"\/wp-content\/uploads\/2020\/07\/Angela-Dwyer-Tinker-Taler-2006-O\u0308l-auf-Leinwand-60-x-80-cm.jpg\",\r\n              \"_1280\": \"\/wp-content\/uploads\/2020\/07\/Angela-Dwyer-Tinker-Taler-2006-O\u0308l-auf-Leinwand-60-x-80-cm-1280x986.jpg\",\r\n              \"_1024\": \"\/wp-content\/uploads\/2020\/07\/Angela-Dwyer-Tinker-Taler-2006-O\u0308l-auf-Leinwand-60-x-80-cm-1024x789.jpg\",\r\n              \"_768\": \"\/wp-content\/uploads\/2020\/07\/Angela-Dwyer-Tinker-Taler-2006-O\u0308l-auf-Leinwand-60-x-80-cm-768x592.jpg\",\r\n              \"_512\": \"\/wp-content\/uploads\/2020\/07\/Angela-Dwyer-Tinker-Taler-2006-O\u0308l-auf-Leinwand-60-x-80-cm-512x394.jpg\",\r\n              \"_265\": \"\/wp-content\/uploads\/2020\/07\/Angela-Dwyer-Tinker-Taler-2006-O\u0308l-auf-Leinwand-60-x-80-cm-265x204.jpg\"\r\n            },\r\n            \"w\": 1920,\r\n            \"h\": 1479,\r\n            \"ar\": 0.7703125,\r\n            \"alt\": \"\",\r\n            \"lightbox_caption\": \"<p class=\\\"_BU\\\">Angela Dwyer \u2013 Tinker Taler, 2006, O\u0308l auf Leinwand, 60 x 80 cm<\/p>\"\r\n          },\r\n          {\r\n            \"type\": \"img\",\r\n            \"attid\": 15116,\r\n            \"cont\": \"\/wp-content\/uploads\/2020\/07\/BieneFeld-Das-Wa\u0308ldchen-2014-O\u0308l-auf-Leinwand-50-x-40-cm.jpg\",\r\n            \"sizes\": {\r\n              \"full\": \"\/wp-content\/uploads\/2020\/07\/BieneFeld-Das-Wa\u0308ldchen-2014-O\u0308l-auf-Leinwand-50-x-40-cm.jpg\",\r\n              \"_1280\": \"\/wp-content\/uploads\/2020\/07\/BieneFeld-Das-Wa\u0308ldchen-2014-O\u0308l-auf-Leinwand-50-x-40-cm-1280x1726.jpg\",\r\n              \"_1024\": \"\/wp-content\/uploads\/2020\/07\/BieneFeld-Das-Wa\u0308ldchen-2014-O\u0308l-auf-Leinwand-50-x-40-cm-1024x1381.jpg\",\r\n              \"_768\": \"\/wp-content\/uploads\/2020\/07\/BieneFeld-Das-Wa\u0308ldchen-2014-O\u0308l-auf-Leinwand-50-x-40-cm-768x1036.jpg\",\r\n              \"_512\": \"\/wp-content\/uploads\/2020\/07\/BieneFeld-Das-Wa\u0308ldchen-2014-O\u0308l-auf-Leinwand-50-x-40-cm-512x690.jpg\",\r\n              \"_265\": \"\/wp-content\/uploads\/2020\/07\/BieneFeld-Das-Wa\u0308ldchen-2014-O\u0308l-auf-Leinwand-50-x-40-cm-265x357.jpg\"\r\n            },\r\n            \"w\": 1424,\r\n            \"h\": 1920,\r\n            \"ar\": 1.348314606741573,\r\n            \"alt\": \"\",\r\n            \"lightbox_caption\": \"<p class=\\\"_BU\\\">BieneFeld \u2013 Das Wa\u0308ldchen, 2014, O\u0308l auf Leinwand, 50 x 40 cm<\/p>\"\r\n          },\r\n          {\r\n            \"type\": \"img\",\r\n            \"attid\": 15117,\r\n            \"cont\": \"\/wp-content\/uploads\/2020\/07\/BieneFeld-Januar-2011-O\u0308l-auf-Leinwand-160-x-200-cm.jpg\",\r\n            \"sizes\": {\r\n              \"full\": \"\/wp-content\/uploads\/2020\/07\/BieneFeld-Januar-2011-O\u0308l-auf-Leinwand-160-x-200-cm.jpg\",\r\n              \"_1280\": \"\/wp-content\/uploads\/2020\/07\/BieneFeld-Januar-2011-O\u0308l-auf-Leinwand-160-x-200-cm-1280x1025.jpg\",\r\n              \"_1024\": \"\/wp-content\/uploads\/2020\/07\/BieneFeld-Januar-2011-O\u0308l-auf-Leinwand-160-x-200-cm-1024x820.jpg\",\r\n              \"_768\": \"\/wp-content\/uploads\/2020\/07\/BieneFeld-Januar-2011-O\u0308l-auf-Leinwand-160-x-200-cm-768x615.jpg\",\r\n              \"_512\": \"\/wp-content\/uploads\/2020\/07\/BieneFeld-Januar-2011-O\u0308l-auf-Leinwand-160-x-200-cm-512x410.jpg\",\r\n              \"_265\": \"\/wp-content\/uploads\/2020\/07\/BieneFeld-Januar-2011-O\u0308l-auf-Leinwand-160-x-200-cm-265x212.jpg\"\r\n            },\r\n            \"w\": 1920,\r\n            \"h\": 1537,\r\n            \"ar\": 0.8005208333333333,\r\n            \"alt\": \"\",\r\n            \"lightbox_caption\": \"<p class=\\\"_BU\\\">BieneFeld \u2013 Januar, 2011, O\u0308l auf Leinwand , 160 x 200 cm<\/p>\"\r\n          },\r\n          {\r\n            \"type\": \"img\",\r\n            \"attid\": 15121,\r\n            \"cont\": \"\/wp-content\/uploads\/2020\/07\/Han-Klinkhamer-ohne-Titel-2017-O\u0308l-auf-Leinwand-100-x-120-cm.jpg\",\r\n            \"sizes\": {\r\n              \"full\": \"\/wp-content\/uploads\/2020\/07\/Han-Klinkhamer-ohne-Titel-2017-O\u0308l-auf-Leinwand-100-x-120-cm.jpg\",\r\n              \"_1280\": \"\/wp-content\/uploads\/2020\/07\/Han-Klinkhamer-ohne-Titel-2017-O\u0308l-auf-Leinwand-100-x-120-cm-1280x921.jpg\",\r\n              \"_1024\": \"\/wp-content\/uploads\/2020\/07\/Han-Klinkhamer-ohne-Titel-2017-O\u0308l-auf-Leinwand-100-x-120-cm-1024x737.jpg\",\r\n              \"_768\": \"\/wp-content\/uploads\/2020\/07\/Han-Klinkhamer-ohne-Titel-2017-O\u0308l-auf-Leinwand-100-x-120-cm-768x553.jpg\",\r\n              \"_512\": \"\/wp-content\/uploads\/2020\/07\/Han-Klinkhamer-ohne-Titel-2017-O\u0308l-auf-Leinwand-100-x-120-cm-512x369.jpg\",\r\n              \"_265\": \"\/wp-content\/uploads\/2020\/07\/Han-Klinkhamer-ohne-Titel-2017-O\u0308l-auf-Leinwand-100-x-120-cm-265x191.jpg\"\r\n            },\r\n            \"w\": 1920,\r\n            \"h\": 1382,\r\n            \"ar\": 0.7197916666666667,\r\n            \"alt\": \"\",\r\n            \"lightbox_caption\": \"<p class=\\\"_BU\\\">Han Klinkhamer \u2013 untitled, 2017, O\u0308l auf Leinwand, 100 x 120 cm<\/p>\"\r\n          },\r\n          {\r\n            \"type\": \"img\",\r\n            \"attid\": 15122,\r\n            \"cont\": \"\/wp-content\/uploads\/2020\/07\/Han-Klinkhamer-untitled-II-2018-O\u0308l-auf-Leinwand-30-x-40-cm.jpg\",\r\n            \"sizes\": {\r\n              \"full\": \"\/wp-content\/uploads\/2020\/07\/Han-Klinkhamer-untitled-II-2018-O\u0308l-auf-Leinwand-30-x-40-cm.jpg\",\r\n              \"_1280\": \"\/wp-content\/uploads\/2020\/07\/Han-Klinkhamer-untitled-II-2018-O\u0308l-auf-Leinwand-30-x-40-cm-1280x972.jpg\",\r\n              \"_1024\": \"\/wp-content\/uploads\/2020\/07\/Han-Klinkhamer-untitled-II-2018-O\u0308l-auf-Leinwand-30-x-40-cm-1024x778.jpg\",\r\n              \"_768\": \"\/wp-content\/uploads\/2020\/07\/Han-Klinkhamer-untitled-II-2018-O\u0308l-auf-Leinwand-30-x-40-cm-768x583.jpg\",\r\n              \"_512\": \"\/wp-content\/uploads\/2020\/07\/Han-Klinkhamer-untitled-II-2018-O\u0308l-auf-Leinwand-30-x-40-cm-512x389.jpg\",\r\n              \"_265\": \"\/wp-content\/uploads\/2020\/07\/Han-Klinkhamer-untitled-II-2018-O\u0308l-auf-Leinwand-30-x-40-cm-265x201.jpg\"\r\n            },\r\n            \"w\": 1920,\r\n            \"h\": 1458,\r\n            \"ar\": 0.759375,\r\n            \"alt\": \"\",\r\n            \"lightbox_caption\": \"<p class=\\\"_BU\\\">Han Klinkhamer, untitled, 2018, O\u0308l auf Leinwand, 30 x 40 cm<\/p>\"\r\n          },\r\n          {\r\n            \"type\": \"img\",\r\n            \"attid\": 15123,\r\n            \"cont\": \"\/wp-content\/uploads\/2020\/07\/Martin-Assig-Agnus-2005-Enkaustik-auf-Holz-185-x-136-cm.jpg\",\r\n            \"sizes\": {\r\n              \"full\": \"\/wp-content\/uploads\/2020\/07\/Martin-Assig-Agnus-2005-Enkaustik-auf-Holz-185-x-136-cm.jpg\",\r\n              \"_1280\": \"\/wp-content\/uploads\/2020\/07\/Martin-Assig-Agnus-2005-Enkaustik-auf-Holz-185-x-136-cm-1280x1723.jpg\",\r\n              \"_1024\": \"\/wp-content\/uploads\/2020\/07\/Martin-Assig-Agnus-2005-Enkaustik-auf-Holz-185-x-136-cm-1024x1379.jpg\",\r\n              \"_768\": \"\/wp-content\/uploads\/2020\/07\/Martin-Assig-Agnus-2005-Enkaustik-auf-Holz-185-x-136-cm-768x1034.jpg\",\r\n              \"_512\": \"\/wp-content\/uploads\/2020\/07\/Martin-Assig-Agnus-2005-Enkaustik-auf-Holz-185-x-136-cm-512x689.jpg\",\r\n              \"_265\": \"\/wp-content\/uploads\/2020\/07\/Martin-Assig-Agnus-2005-Enkaustik-auf-Holz-185-x-136-cm-265x357.jpg\"\r\n            },\r\n            \"w\": 1426,\r\n            \"h\": 1920,\r\n            \"ar\": 1.3464235624123422,\r\n            \"alt\": \"\",\r\n            \"lightbox_caption\": \"<p class=\\\"_BU\\\">Martin Assig \u2013 Agnus, 2005, Enkaustik auf Holz, 185 x 136 cm<\/p>\"\r\n          },\r\n          {\r\n            \"type\": \"img\",\r\n            \"attid\": 15124,\r\n            \"cont\": \"\/wp-content\/uploads\/2020\/07\/Martin-Assig-Gipfel-sieben-Enkaustik-auf-Leinwand-60-x-80-cm.jpg\",\r\n            \"sizes\": {\r\n              \"full\": \"\/wp-content\/uploads\/2020\/07\/Martin-Assig-Gipfel-sieben-Enkaustik-auf-Leinwand-60-x-80-cm.jpg\",\r\n              \"_1280\": \"\/wp-content\/uploads\/2020\/07\/Martin-Assig-Gipfel-sieben-Enkaustik-auf-Leinwand-60-x-80-cm-1280x953.jpg\",\r\n              \"_1024\": \"\/wp-content\/uploads\/2020\/07\/Martin-Assig-Gipfel-sieben-Enkaustik-auf-Leinwand-60-x-80-cm-1024x762.jpg\",\r\n              \"_768\": \"\/wp-content\/uploads\/2020\/07\/Martin-Assig-Gipfel-sieben-Enkaustik-auf-Leinwand-60-x-80-cm-768x572.jpg\",\r\n              \"_512\": \"\/wp-content\/uploads\/2020\/07\/Martin-Assig-Gipfel-sieben-Enkaustik-auf-Leinwand-60-x-80-cm-512x381.jpg\",\r\n              \"_265\": \"\/wp-content\/uploads\/2020\/07\/Martin-Assig-Gipfel-sieben-Enkaustik-auf-Leinwand-60-x-80-cm-265x197.jpg\"\r\n            },\r\n            \"w\": 1920,\r\n            \"h\": 1429,\r\n            \"ar\": 0.7442708333333333,\r\n            \"alt\": \"\",\r\n            \"lightbox_caption\": \"<p class=\\\"_BU\\\">Martin Assig \u2013 Gipfel, sieben, Enkaustik auf Leinwand, 60 x 80 cm<\/p>\"\r\n          },\r\n          {\r\n            \"type\": \"img\",\r\n            \"attid\": 15125,\r\n            \"cont\": \"\/wp-content\/uploads\/2020\/07\/Martin-Assig-Mysterien-Lo-mismo-en-otras-partes-Dasselbe-anderswo-2009-Enkaustik-auf-Holz-185-x-136-cm.jpg\",\r\n            \"sizes\": {\r\n              \"full\": \"\/wp-content\/uploads\/2020\/07\/Martin-Assig-Mysterien-Lo-mismo-en-otras-partes-Dasselbe-anderswo-2009-Enkaustik-auf-Holz-185-x-136-cm.jpg\",\r\n              \"_1280\": \"\/wp-content\/uploads\/2020\/07\/Martin-Assig-Mysterien-Lo-mismo-en-otras-partes-Dasselbe-anderswo-2009-Enkaustik-auf-Holz-185-x-136-cm-1280x1743.jpg\",\r\n              \"_1024\": \"\/wp-content\/uploads\/2020\/07\/Martin-Assig-Mysterien-Lo-mismo-en-otras-partes-Dasselbe-anderswo-2009-Enkaustik-auf-Holz-185-x-136-cm-1024x1394.jpg\",\r\n              \"_768\": \"\/wp-content\/uploads\/2020\/07\/Martin-Assig-Mysterien-Lo-mismo-en-otras-partes-Dasselbe-anderswo-2009-Enkaustik-auf-Holz-185-x-136-cm-768x1046.jpg\",\r\n              \"_512\": \"\/wp-content\/uploads\/2020\/07\/Martin-Assig-Mysterien-Lo-mismo-en-otras-partes-Dasselbe-anderswo-2009-Enkaustik-auf-Holz-185-x-136-cm-512x697.jpg\",\r\n              \"_265\": \"\/wp-content\/uploads\/2020\/07\/Martin-Assig-Mysterien-Lo-mismo-en-otras-partes-Dasselbe-anderswo-2009-Enkaustik-auf-Holz-185-x-136-cm-265x361.jpg\"\r\n            },\r\n            \"w\": 1410,\r\n            \"h\": 1920,\r\n            \"ar\": 1.3617021276595744,\r\n            \"alt\": \"\",\r\n            \"lightbox_caption\": \"<p class=\\\"_BU\\\">Martin Assig \u2013 Mysterien, Lo mismo en otras partes - Dasselbe anderswo, 2009, Enkaustik auf Holz, 185 x 136 cm<\/p>\"\r\n          },\r\n          {\r\n            \"type\": \"img\",\r\n            \"attid\": 15127,\r\n            \"cont\": \"\/wp-content\/uploads\/2020\/07\/Uwe-Kowski-3.19-Uhr-2018-O\u0308l-auf-Leinwand-45-x-50-cm.jpg\",\r\n            \"sizes\": {\r\n              \"full\": \"\/wp-content\/uploads\/2020\/07\/Uwe-Kowski-3.19-Uhr-2018-O\u0308l-auf-Leinwand-45-x-50-cm.jpg\",\r\n              \"_1280\": \"\/wp-content\/uploads\/2020\/07\/Uwe-Kowski-3.19-Uhr-2018-O\u0308l-auf-Leinwand-45-x-50-cm-1280x1153.jpg\",\r\n              \"_1024\": \"\/wp-content\/uploads\/2020\/07\/Uwe-Kowski-3.19-Uhr-2018-O\u0308l-auf-Leinwand-45-x-50-cm-1024x923.jpg\",\r\n              \"_768\": \"\/wp-content\/uploads\/2020\/07\/Uwe-Kowski-3.19-Uhr-2018-O\u0308l-auf-Leinwand-45-x-50-cm-768x692.jpg\",\r\n              \"_512\": \"\/wp-content\/uploads\/2020\/07\/Uwe-Kowski-3.19-Uhr-2018-O\u0308l-auf-Leinwand-45-x-50-cm-512x461.jpg\",\r\n              \"_265\": \"\/wp-content\/uploads\/2020\/07\/Uwe-Kowski-3.19-Uhr-2018-O\u0308l-auf-Leinwand-45-x-50-cm-265x239.jpg\"\r\n            },\r\n            \"w\": 1920,\r\n            \"h\": 1730,\r\n            \"ar\": 0.9010416666666666,\r\n            \"alt\": \"\",\r\n            \"lightbox_caption\": \"<p class=\\\"_BU\\\">Uwe Kowski \u2013 3.19 Uhr, 2018, O\u0308l auf Leinwand, 45 x 50 cm<\/p>\"\r\n          },\r\n          {\r\n            \"type\": \"img\",\r\n            \"attid\": 15128,\r\n            \"cont\": \"\/wp-content\/uploads\/2020\/07\/Uwe-Kowski-Kreuzung-2018-O\u0308l-auf-Leinwand-45-x-50-cm.jpg\",\r\n            \"sizes\": {\r\n              \"full\": \"\/wp-content\/uploads\/2020\/07\/Uwe-Kowski-Kreuzung-2018-O\u0308l-auf-Leinwand-45-x-50-cm.jpg\",\r\n              \"_1280\": \"\/wp-content\/uploads\/2020\/07\/Uwe-Kowski-Kreuzung-2018-O\u0308l-auf-Leinwand-45-x-50-cm-1280x1159.jpg\",\r\n              \"_1024\": \"\/wp-content\/uploads\/2020\/07\/Uwe-Kowski-Kreuzung-2018-O\u0308l-auf-Leinwand-45-x-50-cm-1024x927.jpg\",\r\n              \"_768\": \"\/wp-content\/uploads\/2020\/07\/Uwe-Kowski-Kreuzung-2018-O\u0308l-auf-Leinwand-45-x-50-cm-768x696.jpg\",\r\n              \"_512\": \"\/wp-content\/uploads\/2020\/07\/Uwe-Kowski-Kreuzung-2018-O\u0308l-auf-Leinwand-45-x-50-cm-512x464.jpg\",\r\n              \"_265\": \"\/wp-content\/uploads\/2020\/07\/Uwe-Kowski-Kreuzung-2018-O\u0308l-auf-Leinwand-45-x-50-cm-265x240.jpg\"\r\n            },\r\n            \"w\": 1536,\r\n            \"h\": 1391,\r\n            \"ar\": 0.9055989583333334,\r\n            \"alt\": \"\",\r\n            \"lightbox_caption\": \"<p class=\\\"_BU\\\">Uwe Kowski \u2013 Kreuzung, 2018, O\u0308l auf Leinwand, 45 x 50 cm<\/p>\"\r\n          },\r\n          {\r\n            \"type\": \"img\",\r\n            \"attid\": 15129,\r\n            \"cont\": \"\/wp-content\/uploads\/2020\/07\/Uwe-Kowski-Studio-2019-O\u0308l-auf-Leinwand-180-x-205-cm.jpg\",\r\n            \"sizes\": {\r\n              \"full\": \"\/wp-content\/uploads\/2020\/07\/Uwe-Kowski-Studio-2019-O\u0308l-auf-Leinwand-180-x-205-cm.jpg\",\r\n              \"_1280\": \"\/wp-content\/uploads\/2020\/07\/Uwe-Kowski-Studio-2019-O\u0308l-auf-Leinwand-180-x-205-cm-1280x1125.jpg\",\r\n              \"_1024\": \"\/wp-content\/uploads\/2020\/07\/Uwe-Kowski-Studio-2019-O\u0308l-auf-Leinwand-180-x-205-cm-1024x900.jpg\",\r\n              \"_768\": \"\/wp-content\/uploads\/2020\/07\/Uwe-Kowski-Studio-2019-O\u0308l-auf-Leinwand-180-x-205-cm-768x675.jpg\",\r\n              \"_512\": \"\/wp-content\/uploads\/2020\/07\/Uwe-Kowski-Studio-2019-O\u0308l-auf-Leinwand-180-x-205-cm-512x450.jpg\",\r\n              \"_265\": \"\/wp-content\/uploads\/2020\/07\/Uwe-Kowski-Studio-2019-O\u0308l-auf-Leinwand-180-x-205-cm-265x233.jpg\"\r\n            },\r\n            \"w\": 1920,\r\n            \"h\": 1687,\r\n            \"ar\": 0.8786458333333333,\r\n            \"alt\": \"\",\r\n            \"lightbox_caption\": \"<p class=\\\"_BU\\\">Uwe Kowski \u2013 Studio, 2019, O\u0308l auf Leinwand, 180 x 205 cm<\/p>\"\r\n          },\r\n          {\r\n            \"type\": \"img\",\r\n            \"attid\": 15130,\r\n            \"cont\": \"\/wp-content\/uploads\/2020\/07\/Uwe-Kowski-Wechsel-Platz-2018-O\u0308l-auf-Leinwand-40-x-50-cm.jpg\",\r\n            \"sizes\": {\r\n              \"full\": \"\/wp-content\/uploads\/2020\/07\/Uwe-Kowski-Wechsel-Platz-2018-O\u0308l-auf-Leinwand-40-x-50-cm.jpg\",\r\n              \"_1280\": \"\/wp-content\/uploads\/2020\/07\/Uwe-Kowski-Wechsel-Platz-2018-O\u0308l-auf-Leinwand-40-x-50-cm-1280x1023.jpg\",\r\n              \"_1024\": \"\/wp-content\/uploads\/2020\/07\/Uwe-Kowski-Wechsel-Platz-2018-O\u0308l-auf-Leinwand-40-x-50-cm-1024x819.jpg\",\r\n              \"_768\": \"\/wp-content\/uploads\/2020\/07\/Uwe-Kowski-Wechsel-Platz-2018-O\u0308l-auf-Leinwand-40-x-50-cm-768x614.jpg\",\r\n              \"_512\": \"\/wp-content\/uploads\/2020\/07\/Uwe-Kowski-Wechsel-Platz-2018-O\u0308l-auf-Leinwand-40-x-50-cm-512x409.jpg\",\r\n              \"_265\": \"\/wp-content\/uploads\/2020\/07\/Uwe-Kowski-Wechsel-Platz-2018-O\u0308l-auf-Leinwand-40-x-50-cm-265x212.jpg\"\r\n            },\r\n            \"w\": 1536,\r\n            \"h\": 1228,\r\n            \"ar\": 0.7994791666666666,\r\n            \"alt\": \"\",\r\n            \"lightbox_caption\": \"<p class=\\\"_BU\\\">Uwe Kowski \u2013 Wechsel \/ Platz, 2018, O\u0308l auf Leinwand, 40 x 50 cm<\/p>\"\r\n          }\r\n        ],\r\n        \"addtostart\": false,\r\n        \"gutterMu\": \"%\"\r\n      },\r\n      \"absolute_position\": false\r\n    },\r\n    {\r\n      \"type\": \"text\",\r\n      \"cont\": \"<p class=\\\"_Default\\\">Der Initiator<\/p><p class=\\\"_Fliesstexte\\\"><span>1992, gemeinsam mit einem Freund betrieb ich in Berlin die Druckerei Conrad, lernte ich Clemens Gr\u00f6szer beim Andruck zu seinem ersten, umfangreichen Katalog an der Druckmaschine kennen. Noch heute sehe ich ihn vor mir, der Druck zog sich \u00fcber Stunden hin, Clemens nahm alle B\u00f6gen ab, am Abend standen wir alle mit einer Flasche Bier an der Maschine, damals in einer Druckerei nicht un\u00fcblich, heute unvorstellbar.<\/span><br \/><span>\u00a0\u00a0\u00a0\u00a0\u00a01999, wieder bei dem Druck eines Gr\u00f6szer Kataloges in neuen R\u00e4umen der Druckerei in Berlin-Wittenau, sitzen wir beide im Besprechungszimmer und Clemens, in seiner bekannt lustigen, ironischen Art mokierte sich \u00fcber die Kunstplakate an den W\u00e4nden.<\/span><br \/><span>\u201eKein Problem\u201c sagte ich zu ihm, \u201ewir k\u00f6nnen ja mal einige Arbeiten von Dir anstelle der Plakate h\u00e4ngen\u201c. Dies war dann der Beginn einer langen Ausstellungsreihe, \u201eKunst bei Conrad\u201c, jedes Jahr drei wechselnde Ausstellungen, zur Er\u00f6ffnung Live- musik, Kunstwerke im Drucksaal.<\/span><br \/><span>Und als wir in Heiddorf mit Ausstellungen im Reetdachhaus begannen, war Clemens der erste K\u00fcnstler, dessen Arbeiten wir dort zeigten. In der Folgezeit sprachen wir h\u00e4ufig \u00fcber das Programm, er war ein gro\u00dfer freundschaftlicher Begleiter.<\/span><br \/><span>Als dann der Plan reifte, den im hinteren Teil des Grundst\u00fcckes liegenden Pferdestall als Galerie umzubauen, waren es Clemens und seine Frau, die Architektin Anna Gr\u00f6szer, die ratend und helfend zur Seite standen, Anna fertigte einige Zeichnungen an, von beiden stammt die Idee der hohen T\u00fcr, die Idee, aus dem Ausstellungsraum auf die weite Landschaft und den Himmel blicken zu k\u00f6nnen.<\/span><br \/><span>Und seit der Er\u00f6ffnung des \u201eKunstraum Heiddorf\u201c, heute \u201eGalerie Born, Projektraum Heiddorf\u201c, 2006, weilte er empfunden unz\u00e4hlige Male hier, oder auch in der 2008 er\u00f6ffneten Galerie Born, Born a. Darss und ab 2011 in der Galerie Born, Berlin.<\/span><br \/><span>\u00a0<\/span><br \/><span>Meine gesamte galeristische T\u00e4tigkeit ist f\u00fcr mich ohne den gro\u00dfen Initiator Clemens Gr\u00f6szer kaum vorstellbar, ihm m\u00f6chte ich mit dieser Ausstellung danken, wie auch den beteiligten K\u00fcnstlern der Galerie, Martin Assig, BieneFeld, Angela Dwyer, Han Klinkhamer und Uwe Kowski.<\/span><br \/><span>\u00a0<\/span><br \/><span>Matthias Fuhrmann, Mai 2020<\/span><\/p>\",\r\n      \"align\": \"top\",\r\n      \"row\": 3,\r\n      \"col\": 3,\r\n      \"colspan\": 8,\r\n      \"offsetx\": 0,\r\n      \"offsety\": 0,\r\n      \"spaceabove\": 0,\r\n      \"spacebelow\": 0,\r\n      \"yvel\": 1,\r\n      \"push\": 3,\r\n      \"relid\": 7,\r\n      \"absolute_position\": false\r\n    },\r\n    {\r\n      \"type\": \"text\",\r\n      \"cont\": \"<p><a href=\\\"https:\/\/galerie-born.de\/martin-assig\/\\\">Martin Assig \u21d2<\/a><\/p><p><a href=\\\"https:\/\/galerie-born.de\/biene-feld\/\\\">Biene Feld \u21d2<\/a><\/p><p><a href=\\\"https:\/\/galerie-born.de\/angela-dwyer\/\\\">Angela Dwyer \u21d2<\/a><\/p><p><a href=\\\"https:\/\/galerie-born.de\/han-klinkhamer\/\\\">Han Klinkhamer\u21d2<\/a><\/p><p><a href=\\\"https:\/\/galerie-born.de\/uwe-kowski\/\\\">Uwe Kowski \u21d2<\/a><\/p>\",\r\n      \"align\": \"top\",\r\n      \"row\": 4,\r\n      \"col\": 3,\r\n      \"colspan\": 8,\r\n      \"offsetx\": 0,\r\n      \"offsety\": 0,\r\n      \"spaceabove\": 0,\r\n      \"spacebelow\": 0,\r\n      \"yvel\": 1,\r\n      \"push\": 3,\r\n      \"relid\": 4,\r\n      \"absolute_position\": false\r\n    }\r\n  ]\r\n}","phonegrid":"","_links":{"self":[{"href":"https:\/\/galerie-born.de\/en\/wp-json\/wp\/v2\/posts\/15112","targetHints":{"allow":["GET"]}}],"collection":[{"href":"https:\/\/galerie-born.de\/en\/wp-json\/wp\/v2\/posts"}],"about":[{"href":"https:\/\/galerie-born.de\/en\/wp-json\/wp\/v2\/types\/post"}],"author":[{"embeddable":true,"href":"https:\/\/galerie-born.de\/en\/wp-json\/wp\/v2\/users\/1"}],"replies":[{"embeddable":true,"href":"https:\/\/galerie-born.de\/en\/wp-json\/wp\/v2\/comments?post=15112"}],"version-history":[{"count":0,"href":"https:\/\/galerie-born.de\/en\/wp-json\/wp\/v2\/posts\/15112\/revisions"}],"wp:featuredmedia":[{"embeddable":true,"href":"https:\/\/galerie-born.de\/en\/wp-json\/wp\/v2\/media\/15126"}],"wp:attachment":[{"href":"https:\/\/galerie-born.de\/en\/wp-json\/wp\/v2\/media?parent=15112"}],"wp:term":[{"taxonomy":"category","embeddable":true,"href":"https:\/\/galerie-born.de\/en\/wp-json\/wp\/v2\/categories?post=15112"},{"taxonomy":"post_tag","embeddable":true,"href":"https:\/\/galerie-born.de\/en\/wp-json\/wp\/v2\/tags?post=15112"}],"curies":[{"name":"wp","href":"https:\/\/api.w.org\/{rel}","templated":true}]}}