{"id":15131,"date":"2020-10-18T13:16:38","date_gmt":"2020-10-18T13:16:38","guid":{"rendered":"http:\/\/neu.galerie-born.de\/%e2%97%8f-projektraum-heiddorfclemens-groeszer-und-kuenstler-der-galerieder-initiator-malerei-pur17-5-19-7-2020-2\/"},"modified":"2022-10-22T12:38:56","modified_gmt":"2022-10-22T12:38:56","slug":"%e2%97%8f-projektraum-heiddorfnora-mona-bachsimulacrum26-7-18-10-2020","status":"publish","type":"post","link":"https:\/\/galerie-born.de\/en\/%e2%97%8f-projektraum-heiddorfnora-mona-bachsimulacrum26-7-18-10-2020\/","title":{"rendered":"\u25cf Project Space Heiddorf<br>Nora Mona Bach<br><i>Simulacrum<\/i><br>26 July\u2009\u2013\u200918 October 2020"},"content":{"rendered":"","protected":false},"excerpt":{"rendered":"","protected":false},"author":1,"featured_media":15133,"comment_status":"closed","ping_status":"closed","sticky":false,"template":"","format":"standard","meta":[],"categories":[65,113],"tags":[],"class_list":["post-15131","post","type-post","status-publish","has-post-thumbnail","hentry","category-archiv","category-nora-mona-bach-simulacrum-2020"],"yoast_head":"<!-- This site is optimized with the Yoast SEO plugin v27.5 - https:\/\/yoast.com\/product\/yoast-seo-wordpress\/ -->\n<title>\u25cf Project Space HeiddorfNora Mona BachSimulacrum26 July\u2009\u2013\u200918 October 2020 - GALERIE BORN<\/title>\n<meta name=\"robots\" content=\"index, follow, max-snippet:-1, max-image-preview:large, max-video-preview:-1\" \/>\n<link rel=\"canonical\" href=\"https:\/\/galerie-born.de\/en\/\u25cf-projektraum-heiddorfnora-mona-bachsimulacrum26-7-18-10-2020\/\" \/>\n<meta property=\"og:locale\" content=\"en_US\" \/>\n<meta property=\"og:type\" content=\"article\" \/>\n<meta property=\"og:title\" content=\"\u25cf Project Space HeiddorfNora Mona BachSimulacrum26 July\u2009\u2013\u200918 October 2020 - GALERIE BORN\" \/>\n<meta property=\"og:url\" content=\"https:\/\/galerie-born.de\/en\/\u25cf-projektraum-heiddorfnora-mona-bachsimulacrum26-7-18-10-2020\/\" \/>\n<meta property=\"og:site_name\" content=\"GALERIE BORN\" \/>\n<meta property=\"article:published_time\" content=\"2020-10-18T13:16:38+00:00\" \/>\n<meta property=\"article:modified_time\" content=\"2022-10-22T12:38:56+00:00\" \/>\n<meta property=\"og:image\" content=\"https:\/\/galerie-born.de\/wp-content\/uploads\/2020\/10\/Nora-Mona-Bach-\u2013-Weiler-2020-Kohle-und-Pastell-auf-Papier-29-cm-x-39-cm-1.jpg\" \/>\n\t<meta property=\"og:image:width\" content=\"1469\" \/>\n\t<meta property=\"og:image:height\" content=\"1920\" \/>\n\t<meta property=\"og:image:type\" content=\"image\/jpeg\" \/>\n<meta name=\"author\" content=\"admin\" \/>\n<meta name=\"twitter:card\" content=\"summary_large_image\" \/>\n<meta name=\"twitter:label1\" content=\"Written by\" \/>\n\t<meta name=\"twitter:data1\" content=\"admin\" \/>\n<script type=\"application\/ld+json\" class=\"yoast-schema-graph\">{\"@context\":\"https:\\\/\\\/schema.org\",\"@graph\":[{\"@type\":\"Article\",\"@id\":\"https:\\\/\\\/galerie-born.de\\\/%e2%97%8f-projektraum-heiddorfnora-mona-bachsimulacrum26-7-18-10-2020\\\/#article\",\"isPartOf\":{\"@id\":\"https:\\\/\\\/galerie-born.de\\\/%e2%97%8f-projektraum-heiddorfnora-mona-bachsimulacrum26-7-18-10-2020\\\/\"},\"author\":{\"name\":\"admin\",\"@id\":\"https:\\\/\\\/galerie-born.de\\\/#\\\/schema\\\/person\\\/3f5bcaab814588d5c898904da4feccd7\"},\"headline\":\"\u25cf Project Space Heiddorf Nora Mona Bach Simulacrum 26 July\u2009\u2013\u200918 October 2020\",\"datePublished\":\"2020-10-18T13:16:38+00:00\",\"dateModified\":\"2022-10-22T12:38:56+00:00\",\"mainEntityOfPage\":{\"@id\":\"https:\\\/\\\/galerie-born.de\\\/%e2%97%8f-projektraum-heiddorfnora-mona-bachsimulacrum26-7-18-10-2020\\\/\"},\"wordCount\":15,\"publisher\":{\"@id\":\"https:\\\/\\\/galerie-born.de\\\/#organization\"},\"image\":{\"@id\":\"https:\\\/\\\/galerie-born.de\\\/%e2%97%8f-projektraum-heiddorfnora-mona-bachsimulacrum26-7-18-10-2020\\\/#primaryimage\"},\"thumbnailUrl\":\"https:\\\/\\\/galerie-born.de\\\/wp-content\\\/uploads\\\/2020\\\/10\\\/Nora-Mona-Bach-\u2013-Weiler-2020-Kohle-und-Pastell-auf-Papier-29-cm-x-39-cm-1.jpg\",\"articleSection\":[\"Archiv\",\"Nora Mona Bach, Simulacrum 2020\"],\"inLanguage\":\"en-US\"},{\"@type\":\"WebPage\",\"@id\":\"https:\\\/\\\/galerie-born.de\\\/en\\\/%e2%97%8f-projektraum-heiddorfnora-mona-bachsimulacrum26-7-18-10-2020\\\/\",\"url\":\"https:\\\/\\\/galerie-born.de\\\/en\\\/%e2%97%8f-projektraum-heiddorfnora-mona-bachsimulacrum26-7-18-10-2020\\\/\",\"name\":\"\u25cf Project Space Heiddorf Nora Mona Bach Simulacrum 26 July\u2009\u2013\u200918 October 2020 - GALERIE BORN\",\"isPartOf\":{\"@id\":\"https:\\\/\\\/galerie-born.de\\\/en\\\/#website\"},\"primaryImageOfPage\":{\"@id\":\"https:\\\/\\\/galerie-born.de\\\/en\\\/%e2%97%8f-projektraum-heiddorfnora-mona-bachsimulacrum26-7-18-10-2020\\\/#primaryimage\"},\"image\":{\"@id\":\"https:\\\/\\\/galerie-born.de\\\/%e2%97%8f-projektraum-heiddorfnora-mona-bachsimulacrum26-7-18-10-2020\\\/#primaryimage\"},\"thumbnailUrl\":\"https:\\\/\\\/galerie-born.de\\\/wp-content\\\/uploads\\\/2020\\\/10\\\/Nora-Mona-Bach-\u2013-Weiler-2020-Kohle-und-Pastell-auf-Papier-29-cm-x-39-cm-1.jpg\",\"datePublished\":\"2020-10-18T13:16:38+00:00\",\"dateModified\":\"2022-10-22T12:38:56+00:00\",\"breadcrumb\":{\"@id\":\"https:\\\/\\\/galerie-born.de\\\/en\\\/%e2%97%8f-projektraum-heiddorfnora-mona-bachsimulacrum26-7-18-10-2020\\\/#breadcrumb\"},\"inLanguage\":\"en-US\",\"potentialAction\":[{\"@type\":\"ReadAction\",\"target\":[[\"https:\\\/\\\/galerie-born.de\\\/en\\\/%e2%97%8f-projektraum-heiddorfnora-mona-bachsimulacrum26-7-18-10-2020\\\/\"]]}]},{\"@type\":\"ImageObject\",\"inLanguage\":\"en-US\",\"@id\":\"https:\\\/\\\/galerie-born.de\\\/en\\\/%e2%97%8f-projektraum-heiddorfnora-mona-bachsimulacrum26-7-18-10-2020\\\/#primaryimage\",\"url\":\"https:\\\/\\\/galerie-born.de\\\/wp-content\\\/uploads\\\/2020\\\/10\\\/Nora-Mona-Bach-\u2013-Weiler-2020-Kohle-und-Pastell-auf-Papier-29-cm-x-39-cm-1.jpg\",\"contentUrl\":\"https:\\\/\\\/galerie-born.de\\\/wp-content\\\/uploads\\\/2020\\\/10\\\/Nora-Mona-Bach-\u2013-Weiler-2020-Kohle-und-Pastell-auf-Papier-29-cm-x-39-cm-1.jpg\",\"width\":1469,\"height\":1920},{\"@type\":\"BreadcrumbList\",\"@id\":\"https:\\\/\\\/galerie-born.de\\\/en\\\/%e2%97%8f-projektraum-heiddorfnora-mona-bachsimulacrum26-7-18-10-2020\\\/#breadcrumb\",\"itemListElement\":[{\"@type\":\"ListItem\",\"position\":1,\"name\":\"Startseite\",\"item\":\"https:\\\/\\\/galerie-born.de\\\/en\\\/\"},{\"@type\":\"ListItem\",\"position\":2,\"name\":\"\u25cf Projektraum HeiddorfNora Mona BachSimulacrum26.7.\u2009\u2013\u200918.10.\u20092020\"}]},{\"@type\":\"WebSite\",\"@id\":\"https:\\\/\\\/galerie-born.de\\\/en\\\/#website\",\"url\":\"https:\\\/\\\/galerie-born.de\\\/en\\\/\",\"name\":\"GALERIE BORN\",\"description\":\"GALLERY BORN\",\"publisher\":{\"@id\":\"https:\\\/\\\/galerie-born.de\\\/en\\\/#organization\"},\"potentialAction\":[{\"@type\":\"SearchAction\",\"target\":{\"@type\":\"EntryPoint\",\"urlTemplate\":\"https:\\\/\\\/galerie-born.de\\\/en\\\/?s={search_term_string}\"},\"query-input\":{\"@type\":\"PropertyValueSpecification\",\"valueRequired\":true,\"valueName\":\"search_term_string\"}}],\"inLanguage\":\"en-US\"},{\"@type\":\"Organization\",\"@id\":\"https:\\\/\\\/galerie-born.de\\\/en\\\/#organization\",\"name\":\"GALERIE BORN\",\"url\":\"https:\\\/\\\/galerie-born.de\\\/en\\\/\",\"logo\":{\"@type\":\"ImageObject\",\"inLanguage\":\"en-US\",\"@id\":\"https:\\\/\\\/galerie-born.de\\\/en\\\/#\\\/schema\\\/logo\\\/image\\\/\",\"url\":\"https:\\\/\\\/galerie-born.de\\\/wp-content\\\/uploads\\\/2025\\\/10\\\/cropped-Galeri-born-favicon.png\",\"contentUrl\":\"https:\\\/\\\/galerie-born.de\\\/wp-content\\\/uploads\\\/2025\\\/10\\\/cropped-Galeri-born-favicon.png\",\"width\":512,\"height\":512,\"caption\":\"GALERIE BORN\"},\"image\":{\"@id\":\"https:\\\/\\\/galerie-born.de\\\/en\\\/#\\\/schema\\\/logo\\\/image\\\/\"}},{\"@type\":\"Person\",\"@id\":\"https:\\\/\\\/galerie-born.de\\\/#\\\/schema\\\/person\\\/3f5bcaab814588d5c898904da4feccd7\",\"name\":\"admin\",\"image\":{\"@type\":\"ImageObject\",\"inLanguage\":\"en-US\",\"@id\":\"https:\\\/\\\/secure.gravatar.com\\\/avatar\\\/b187a62584e89a20ee9c55ace28583ac9ff787a32e4ba5ca7712ac65a2c94143?s=96&d=mm&r=g\",\"url\":\"https:\\\/\\\/secure.gravatar.com\\\/avatar\\\/b187a62584e89a20ee9c55ace28583ac9ff787a32e4ba5ca7712ac65a2c94143?s=96&d=mm&r=g\",\"contentUrl\":\"https:\\\/\\\/secure.gravatar.com\\\/avatar\\\/b187a62584e89a20ee9c55ace28583ac9ff787a32e4ba5ca7712ac65a2c94143?s=96&d=mm&r=g\",\"caption\":\"admin\"},\"sameAs\":[\"http:\\\/\\\/galerie-born.de\"],\"url\":\"https:\\\/\\\/galerie-born.de\\\/en\\\/author\\\/admin\\\/\"}]}<\/script>\n<!-- \/ Yoast SEO plugin. -->","yoast_head_json":{"title":"\u25cf Project Space HeiddorfNora Mona BachSimulacrum26 July\u2009\u2013\u200918 October 2020 - GALERIE BORN","robots":{"index":"index","follow":"follow","max-snippet":"max-snippet:-1","max-image-preview":"max-image-preview:large","max-video-preview":"max-video-preview:-1"},"canonical":"https:\/\/galerie-born.de\/en\/\u25cf-projektraum-heiddorfnora-mona-bachsimulacrum26-7-18-10-2020\/","og_locale":"en_US","og_type":"article","og_title":"\u25cf Project Space HeiddorfNora Mona BachSimulacrum26 July\u2009\u2013\u200918 October 2020 - GALERIE BORN","og_url":"https:\/\/galerie-born.de\/en\/\u25cf-projektraum-heiddorfnora-mona-bachsimulacrum26-7-18-10-2020\/","og_site_name":"GALERIE BORN","article_published_time":"2020-10-18T13:16:38+00:00","article_modified_time":"2022-10-22T12:38:56+00:00","og_image":[{"width":1469,"height":1920,"url":"https:\/\/galerie-born.de\/wp-content\/uploads\/2020\/10\/Nora-Mona-Bach-\u2013-Weiler-2020-Kohle-und-Pastell-auf-Papier-29-cm-x-39-cm-1.jpg","type":"image\/jpeg"}],"author":"admin","twitter_card":"summary_large_image","twitter_misc":{"Written by":"admin"},"schema":{"@context":"https:\/\/schema.org","@graph":[{"@type":"Article","@id":"https:\/\/galerie-born.de\/%e2%97%8f-projektraum-heiddorfnora-mona-bachsimulacrum26-7-18-10-2020\/#article","isPartOf":{"@id":"https:\/\/galerie-born.de\/%e2%97%8f-projektraum-heiddorfnora-mona-bachsimulacrum26-7-18-10-2020\/"},"author":{"name":"admin","@id":"https:\/\/galerie-born.de\/#\/schema\/person\/3f5bcaab814588d5c898904da4feccd7"},"headline":"\u25cf Project Space Heiddorf Nora Mona Bach Simulacrum 26 July\u2009\u2013\u200918 October 2020","datePublished":"2020-10-18T13:16:38+00:00","dateModified":"2022-10-22T12:38:56+00:00","mainEntityOfPage":{"@id":"https:\/\/galerie-born.de\/%e2%97%8f-projektraum-heiddorfnora-mona-bachsimulacrum26-7-18-10-2020\/"},"wordCount":15,"publisher":{"@id":"https:\/\/galerie-born.de\/#organization"},"image":{"@id":"https:\/\/galerie-born.de\/%e2%97%8f-projektraum-heiddorfnora-mona-bachsimulacrum26-7-18-10-2020\/#primaryimage"},"thumbnailUrl":"https:\/\/galerie-born.de\/wp-content\/uploads\/2020\/10\/Nora-Mona-Bach-\u2013-Weiler-2020-Kohle-und-Pastell-auf-Papier-29-cm-x-39-cm-1.jpg","articleSection":["Archiv","Nora Mona Bach, Simulacrum 2020"],"inLanguage":"en-US"},{"@type":"WebPage","@id":"https:\/\/galerie-born.de\/en\/%e2%97%8f-projektraum-heiddorfnora-mona-bachsimulacrum26-7-18-10-2020\/","url":"https:\/\/galerie-born.de\/en\/%e2%97%8f-projektraum-heiddorfnora-mona-bachsimulacrum26-7-18-10-2020\/","name":"\u25cf Project Space Heiddorf Nora Mona Bach Simulacrum 26 July\u2009\u2013\u200918 October 2020 - GALERIE BORN","isPartOf":{"@id":"https:\/\/galerie-born.de\/en\/#website"},"primaryImageOfPage":{"@id":"https:\/\/galerie-born.de\/en\/%e2%97%8f-projektraum-heiddorfnora-mona-bachsimulacrum26-7-18-10-2020\/#primaryimage"},"image":{"@id":"https:\/\/galerie-born.de\/%e2%97%8f-projektraum-heiddorfnora-mona-bachsimulacrum26-7-18-10-2020\/#primaryimage"},"thumbnailUrl":"https:\/\/galerie-born.de\/wp-content\/uploads\/2020\/10\/Nora-Mona-Bach-\u2013-Weiler-2020-Kohle-und-Pastell-auf-Papier-29-cm-x-39-cm-1.jpg","datePublished":"2020-10-18T13:16:38+00:00","dateModified":"2022-10-22T12:38:56+00:00","breadcrumb":{"@id":"https:\/\/galerie-born.de\/en\/%e2%97%8f-projektraum-heiddorfnora-mona-bachsimulacrum26-7-18-10-2020\/#breadcrumb"},"inLanguage":"en-US","potentialAction":[{"@type":"ReadAction","target":[["https:\/\/galerie-born.de\/en\/%e2%97%8f-projektraum-heiddorfnora-mona-bachsimulacrum26-7-18-10-2020\/"]]}]},{"@type":"ImageObject","inLanguage":"en-US","@id":"https:\/\/galerie-born.de\/en\/%e2%97%8f-projektraum-heiddorfnora-mona-bachsimulacrum26-7-18-10-2020\/#primaryimage","url":"https:\/\/galerie-born.de\/wp-content\/uploads\/2020\/10\/Nora-Mona-Bach-\u2013-Weiler-2020-Kohle-und-Pastell-auf-Papier-29-cm-x-39-cm-1.jpg","contentUrl":"https:\/\/galerie-born.de\/wp-content\/uploads\/2020\/10\/Nora-Mona-Bach-\u2013-Weiler-2020-Kohle-und-Pastell-auf-Papier-29-cm-x-39-cm-1.jpg","width":1469,"height":1920},{"@type":"BreadcrumbList","@id":"https:\/\/galerie-born.de\/en\/%e2%97%8f-projektraum-heiddorfnora-mona-bachsimulacrum26-7-18-10-2020\/#breadcrumb","itemListElement":[{"@type":"ListItem","position":1,"name":"Startseite","item":"https:\/\/galerie-born.de\/en\/"},{"@type":"ListItem","position":2,"name":"\u25cf Projektraum HeiddorfNora Mona BachSimulacrum26.7.\u2009\u2013\u200918.10.\u20092020"}]},{"@type":"WebSite","@id":"https:\/\/galerie-born.de\/en\/#website","url":"https:\/\/galerie-born.de\/en\/","name":"GALERIE BORN","description":"GALLERY BORN","publisher":{"@id":"https:\/\/galerie-born.de\/en\/#organization"},"potentialAction":[{"@type":"SearchAction","target":{"@type":"EntryPoint","urlTemplate":"https:\/\/galerie-born.de\/en\/?s={search_term_string}"},"query-input":{"@type":"PropertyValueSpecification","valueRequired":true,"valueName":"search_term_string"}}],"inLanguage":"en-US"},{"@type":"Organization","@id":"https:\/\/galerie-born.de\/en\/#organization","name":"GALERIE BORN","url":"https:\/\/galerie-born.de\/en\/","logo":{"@type":"ImageObject","inLanguage":"en-US","@id":"https:\/\/galerie-born.de\/en\/#\/schema\/logo\/image\/","url":"https:\/\/galerie-born.de\/wp-content\/uploads\/2025\/10\/cropped-Galeri-born-favicon.png","contentUrl":"https:\/\/galerie-born.de\/wp-content\/uploads\/2025\/10\/cropped-Galeri-born-favicon.png","width":512,"height":512,"caption":"GALERIE BORN"},"image":{"@id":"https:\/\/galerie-born.de\/en\/#\/schema\/logo\/image\/"}},{"@type":"Person","@id":"https:\/\/galerie-born.de\/#\/schema\/person\/3f5bcaab814588d5c898904da4feccd7","name":"admin","image":{"@type":"ImageObject","inLanguage":"en-US","@id":"https:\/\/secure.gravatar.com\/avatar\/b187a62584e89a20ee9c55ace28583ac9ff787a32e4ba5ca7712ac65a2c94143?s=96&d=mm&r=g","url":"https:\/\/secure.gravatar.com\/avatar\/b187a62584e89a20ee9c55ace28583ac9ff787a32e4ba5ca7712ac65a2c94143?s=96&d=mm&r=g","contentUrl":"https:\/\/secure.gravatar.com\/avatar\/b187a62584e89a20ee9c55ace28583ac9ff787a32e4ba5ca7712ac65a2c94143?s=96&d=mm&r=g","caption":"admin"},"sameAs":["http:\/\/galerie-born.de"],"url":"https:\/\/galerie-born.de\/en\/author\/admin\/"}]}},"grid":"{\r\n  \"colCount\": 12,\r\n  \"colGutter\": 1,\r\n  \"rowGutters\": [\r\n    3,\r\n    0.5,\r\n    3,\r\n    3\r\n  ],\r\n  \"frameMargin\": 5,\r\n  \"leftFrameMargin\": 1,\r\n  \"rightFrameMargin\": 1,\r\n  \"topFrameMargin\": 1,\r\n  \"bottomFrameMargin\": 10,\r\n  \"rowAttrs\": [\r\n    {},\r\n    {},\r\n    {},\r\n    {},\r\n    {}\r\n  ],\r\n  \"bgColor\": null,\r\n  \"cont\": [\r\n    {\r\n      \"type\": \"text\",\r\n      \"cont\": \"<p>\u25cf Project Space Heiddorf<\/p><p>Nora Mona Bach<br \/><em>Simulacrum<\/em><br \/>26 July\u2009\u2013\u200918 October 2020<\/p>\",\r\n      \"align\": \"top\",\r\n      \"row\": 0,\r\n      \"col\": 3,\r\n      \"colspan\": 8,\r\n      \"offsetx\": 0,\r\n      \"offsety\": 0,\r\n      \"spaceabove\": 0,\r\n      \"spacebelow\": 0,\r\n      \"yvel\": 1,\r\n      \"push\": 3,\r\n      \"relid\": 387,\r\n      \"absolute_position\": false\r\n    },\r\n    {\r\n      \"type\": \"text\",\r\n      \"cont\": \"<p>Works<\/p>\",\r\n      \"align\": \"top\",\r\n      \"row\": 1,\r\n      \"col\": 3,\r\n      \"colspan\": 8,\r\n      \"offsetx\": 0,\r\n      \"offsety\": 0,\r\n      \"spaceabove\": 0,\r\n      \"spacebelow\": 0,\r\n      \"yvel\": 1,\r\n      \"push\": 3,\r\n      \"relid\": 6,\r\n      \"absolute_position\": false\r\n    },\r\n    {\r\n      \"type\": \"elementgrid\",\r\n      \"cont\": \"\",\r\n      \"align\": \"top\",\r\n      \"row\": 2,\r\n      \"col\": 3,\r\n      \"colspan\": 8,\r\n      \"offsetx\": 0,\r\n      \"offsety\": 0,\r\n      \"spaceabove\": 0,\r\n      \"spacebelow\": 0,\r\n      \"yvel\": 1,\r\n      \"push\": 3,\r\n      \"relid\": 419,\r\n      \"config\": {\r\n        \"desktop\": {\r\n          \"colCount\": 12,\r\n          \"colGutter\": 0.5,\r\n          \"rowGutter\": 0.5\r\n        },\r\n        \"tablet\": {\r\n          \"colCount\": 2,\r\n          \"colGutter\": 1,\r\n          \"rowGutter\": 1\r\n        },\r\n        \"phone\": {\r\n          \"colCount\": 1,\r\n          \"colGutter\": 1,\r\n          \"rowGutter\": 1\r\n        },\r\n        \"layoutType\": \"top-aligned\",\r\n        \"elements\": [\r\n          {\r\n            \"type\": \"img\",\r\n            \"attid\": 15133,\r\n            \"cont\": \"\/wp-content\/uploads\/2020\/10\/Nora-Mona-Bach-\u2013-Weiler-2020-Kohle-und-Pastell-auf-Papier-29-cm-x-39-cm-1.jpg\",\r\n            \"sizes\": {\r\n              \"full\": \"\/wp-content\/uploads\/2020\/10\/Nora-Mona-Bach-\u2013-Weiler-2020-Kohle-und-Pastell-auf-Papier-29-cm-x-39-cm-1.jpg\",\r\n              \"_1280\": \"\/wp-content\/uploads\/2020\/10\/Nora-Mona-Bach-\u2013-Weiler-2020-Kohle-und-Pastell-auf-Papier-29-cm-x-39-cm-1-1280x1673.jpg\",\r\n              \"_1024\": \"\/wp-content\/uploads\/2020\/10\/Nora-Mona-Bach-\u2013-Weiler-2020-Kohle-und-Pastell-auf-Papier-29-cm-x-39-cm-1-1024x1338.jpg\",\r\n              \"_768\": \"\/wp-content\/uploads\/2020\/10\/Nora-Mona-Bach-\u2013-Weiler-2020-Kohle-und-Pastell-auf-Papier-29-cm-x-39-cm-1-768x1004.jpg\",\r\n              \"_512\": \"\/wp-content\/uploads\/2020\/10\/Nora-Mona-Bach-\u2013-Weiler-2020-Kohle-und-Pastell-auf-Papier-29-cm-x-39-cm-1-512x669.jpg\",\r\n              \"_265\": \"\/wp-content\/uploads\/2020\/10\/Nora-Mona-Bach-\u2013-Weiler-2020-Kohle-und-Pastell-auf-Papier-29-cm-x-39-cm-1-265x346.jpg\"\r\n            },\r\n            \"w\": 1469,\r\n            \"h\": 1920,\r\n            \"ar\": 1.3070115724982982,\r\n            \"alt\": \"\",\r\n            \"lightbox_caption\": \"<p class=\\\"_BU\\\">Nora Mona Bach \u2013 Weiler, 2020, Kohle und Pastell auf Papier, 39 cm x 29 cm<\/p>\"\r\n          },\r\n          {\r\n            \"type\": \"img\",\r\n            \"attid\": 13989,\r\n            \"cont\": \"\/wp-content\/uploads\/2022\/06\/Nora-Mona-Bach-\u2013-Besuch-2020-Kohle-und-Pastell-auf-Papier-220-x-240-cm-1-1.jpg\",\r\n            \"sizes\": {\r\n              \"full\": \"\/wp-content\/uploads\/2022\/06\/Nora-Mona-Bach-\u2013-Besuch-2020-Kohle-und-Pastell-auf-Papier-220-x-240-cm-1-1.jpg\",\r\n              \"_1280\": \"\/wp-content\/uploads\/2022\/06\/Nora-Mona-Bach-\u2013-Besuch-2020-Kohle-und-Pastell-auf-Papier-220-x-240-cm-1-1-1280x1394.jpg\",\r\n              \"_1024\": \"\/wp-content\/uploads\/2022\/06\/Nora-Mona-Bach-\u2013-Besuch-2020-Kohle-und-Pastell-auf-Papier-220-x-240-cm-1-1-1024x1115.jpg\",\r\n              \"_768\": \"\/wp-content\/uploads\/2022\/06\/Nora-Mona-Bach-\u2013-Besuch-2020-Kohle-und-Pastell-auf-Papier-220-x-240-cm-1-1-768x836.jpg\",\r\n              \"_512\": \"\/wp-content\/uploads\/2022\/06\/Nora-Mona-Bach-\u2013-Besuch-2020-Kohle-und-Pastell-auf-Papier-220-x-240-cm-1-1-512x558.jpg\",\r\n              \"_265\": \"\/wp-content\/uploads\/2022\/06\/Nora-Mona-Bach-\u2013-Besuch-2020-Kohle-und-Pastell-auf-Papier-220-x-240-cm-1-1-265x289.jpg\"\r\n            },\r\n            \"w\": 1763,\r\n            \"h\": 1920,\r\n            \"ar\": 1.0890527509926262,\r\n            \"alt\": \"\",\r\n            \"lightbox_caption\": \"<p class=\\\"_BU\\\">Nora Mona Bach \u2013 Besuch, 2020, Kohle und Pastell auf Papier, 220 x 240 cm<\/p>\"\r\n          },\r\n          {\r\n            \"type\": \"img\",\r\n            \"attid\": 14027,\r\n            \"cont\": \"\/wp-content\/uploads\/2022\/06\/Nora-Mona-Bach-\u2013-Weg-2020-Kohle-und-Pastell-auf-Papier-29-cm-x-39-cm-1.jpg\",\r\n            \"sizes\": {\r\n              \"full\": \"\/wp-content\/uploads\/2022\/06\/Nora-Mona-Bach-\u2013-Weg-2020-Kohle-und-Pastell-auf-Papier-29-cm-x-39-cm-1.jpg\",\r\n              \"_1280\": \"\/wp-content\/uploads\/2022\/06\/Nora-Mona-Bach-\u2013-Weg-2020-Kohle-und-Pastell-auf-Papier-29-cm-x-39-cm-1-1280x1708.jpg\",\r\n              \"_1024\": \"\/wp-content\/uploads\/2022\/06\/Nora-Mona-Bach-\u2013-Weg-2020-Kohle-und-Pastell-auf-Papier-29-cm-x-39-cm-1-1024x1366.jpg\",\r\n              \"_768\": \"\/wp-content\/uploads\/2022\/06\/Nora-Mona-Bach-\u2013-Weg-2020-Kohle-und-Pastell-auf-Papier-29-cm-x-39-cm-1-768x1025.jpg\",\r\n              \"_512\": \"\/wp-content\/uploads\/2022\/06\/Nora-Mona-Bach-\u2013-Weg-2020-Kohle-und-Pastell-auf-Papier-29-cm-x-39-cm-1-512x683.jpg\",\r\n              \"_265\": \"\/wp-content\/uploads\/2022\/06\/Nora-Mona-Bach-\u2013-Weg-2020-Kohle-und-Pastell-auf-Papier-29-cm-x-39-cm-1-265x354.jpg\"\r\n            },\r\n            \"w\": 1439,\r\n            \"h\": 1920,\r\n            \"ar\": 1.3342599027102153,\r\n            \"alt\": \"\",\r\n            \"lightbox_caption\": \"<p class=\\\"_BU\\\">Nora Mona Bach \u2013 Weg, 2020, Kohle und Pastell auf Papier, 39 cm x 29 cm<\/p>\"\r\n          },\r\n          {\r\n            \"type\": \"img\",\r\n            \"attid\": 14000,\r\n            \"cont\": \"\/wp-content\/uploads\/2022\/06\/Nora-Mona-Bach-\u2013-o.-T.-nest-2017-Kohle-auf-Papier-175-x-220-cm-1.jpg\",\r\n            \"sizes\": {\r\n              \"full\": \"\/wp-content\/uploads\/2022\/06\/Nora-Mona-Bach-\u2013-o.-T.-nest-2017-Kohle-auf-Papier-175-x-220-cm-1.jpg\",\r\n              \"_1280\": \"\/wp-content\/uploads\/2022\/06\/Nora-Mona-Bach-\u2013-o.-T.-nest-2017-Kohle-auf-Papier-175-x-220-cm-1-1280x1009.jpg\",\r\n              \"_1024\": \"\/wp-content\/uploads\/2022\/06\/Nora-Mona-Bach-\u2013-o.-T.-nest-2017-Kohle-auf-Papier-175-x-220-cm-1-1024x807.jpg\",\r\n              \"_768\": \"\/wp-content\/uploads\/2022\/06\/Nora-Mona-Bach-\u2013-o.-T.-nest-2017-Kohle-auf-Papier-175-x-220-cm-1-768x606.jpg\",\r\n              \"_512\": \"\/wp-content\/uploads\/2022\/06\/Nora-Mona-Bach-\u2013-o.-T.-nest-2017-Kohle-auf-Papier-175-x-220-cm-1-512x404.jpg\",\r\n              \"_265\": \"\/wp-content\/uploads\/2022\/06\/Nora-Mona-Bach-\u2013-o.-T.-nest-2017-Kohle-auf-Papier-175-x-220-cm-1-265x209.jpg\"\r\n            },\r\n            \"w\": 1920,\r\n            \"h\": 1514,\r\n            \"ar\": 0.7885416666666667,\r\n            \"alt\": \"\",\r\n            \"lightbox_caption\": \"<p class=\\\"_BU\\\">Nora Mona Bach \u2013 o. T. (nest), 2017, Kohle auf Papier, 175 x 220 cm<\/p>\"\r\n          },\r\n          {\r\n            \"type\": \"img\",\r\n            \"attid\": 13999,\r\n            \"cont\": \"\/wp-content\/uploads\/2022\/06\/Nora-Mona-Bach-\u2013-o.-T.-Kante-2017-Kohle-auf-Papier-165-x-220-cm-1.jpg\",\r\n            \"sizes\": {\r\n              \"full\": \"\/wp-content\/uploads\/2022\/06\/Nora-Mona-Bach-\u2013-o.-T.-Kante-2017-Kohle-auf-Papier-165-x-220-cm-1.jpg\",\r\n              \"_1280\": \"\/wp-content\/uploads\/2022\/06\/Nora-Mona-Bach-\u2013-o.-T.-Kante-2017-Kohle-auf-Papier-165-x-220-cm-1-1280x1011.jpg\",\r\n              \"_1024\": \"\/wp-content\/uploads\/2022\/06\/Nora-Mona-Bach-\u2013-o.-T.-Kante-2017-Kohle-auf-Papier-165-x-220-cm-1-1024x809.jpg\",\r\n              \"_768\": \"\/wp-content\/uploads\/2022\/06\/Nora-Mona-Bach-\u2013-o.-T.-Kante-2017-Kohle-auf-Papier-165-x-220-cm-1-768x606.jpg\",\r\n              \"_512\": \"\/wp-content\/uploads\/2022\/06\/Nora-Mona-Bach-\u2013-o.-T.-Kante-2017-Kohle-auf-Papier-165-x-220-cm-1-512x404.jpg\",\r\n              \"_265\": \"\/wp-content\/uploads\/2022\/06\/Nora-Mona-Bach-\u2013-o.-T.-Kante-2017-Kohle-auf-Papier-165-x-220-cm-1-265x209.jpg\"\r\n            },\r\n            \"w\": 1920,\r\n            \"h\": 1516,\r\n            \"ar\": 0.7895833333333333,\r\n            \"alt\": \"\",\r\n            \"lightbox_caption\": \"<p class=\\\"_BU\\\">Nora Mona Bach \u2013 o. T. (Kante), 2017, Kohle auf Papier, 165 x 220 cm<\/p>\"\r\n          },\r\n          {\r\n            \"type\": \"img\",\r\n            \"attid\": 13987,\r\n            \"cont\": \"\/wp-content\/uploads\/2022\/06\/Nora-Mona-Bach-\u2013-Abendstunde-2020-Kohle-und-Pastell-auf-Papier-29-cm-x-39-cm-1.jpg\",\r\n            \"sizes\": {\r\n              \"full\": \"\/wp-content\/uploads\/2022\/06\/Nora-Mona-Bach-\u2013-Abendstunde-2020-Kohle-und-Pastell-auf-Papier-29-cm-x-39-cm-1.jpg\",\r\n              \"_1280\": \"\/wp-content\/uploads\/2022\/06\/Nora-Mona-Bach-\u2013-Abendstunde-2020-Kohle-und-Pastell-auf-Papier-29-cm-x-39-cm-1-1280x1679.jpg\",\r\n              \"_1024\": \"\/wp-content\/uploads\/2022\/06\/Nora-Mona-Bach-\u2013-Abendstunde-2020-Kohle-und-Pastell-auf-Papier-29-cm-x-39-cm-1-1024x1343.jpg\",\r\n              \"_768\": \"\/wp-content\/uploads\/2022\/06\/Nora-Mona-Bach-\u2013-Abendstunde-2020-Kohle-und-Pastell-auf-Papier-29-cm-x-39-cm-1-768x1007.jpg\",\r\n              \"_512\": \"\/wp-content\/uploads\/2022\/06\/Nora-Mona-Bach-\u2013-Abendstunde-2020-Kohle-und-Pastell-auf-Papier-29-cm-x-39-cm-1-512x671.jpg\",\r\n              \"_265\": \"\/wp-content\/uploads\/2022\/06\/Nora-Mona-Bach-\u2013-Abendstunde-2020-Kohle-und-Pastell-auf-Papier-29-cm-x-39-cm-1-265x348.jpg\"\r\n            },\r\n            \"w\": 1464,\r\n            \"h\": 1920,\r\n            \"ar\": 1.3114754098360655,\r\n            \"alt\": \"\",\r\n            \"lightbox_caption\": \"<p class=\\\"_BU\\\">Nora Mona Bach \u2013 Abendstunde, 2020, Kohle und Pastell auf Papier, 39 cm x 29 cm<\/p>\"\r\n          },\r\n          {\r\n            \"type\": \"img\",\r\n            \"attid\": 13990,\r\n            \"cont\": \"\/wp-content\/uploads\/2022\/06\/Nora-Mona-Bach-\u2013-Einfriedung-I-2020-Kohle-und-Pastell-auf-Papier-29-cm-x-39-cm-1.jpg\",\r\n            \"sizes\": {\r\n              \"full\": \"\/wp-content\/uploads\/2022\/06\/Nora-Mona-Bach-\u2013-Einfriedung-I-2020-Kohle-und-Pastell-auf-Papier-29-cm-x-39-cm-1.jpg\",\r\n              \"_1280\": \"\/wp-content\/uploads\/2022\/06\/Nora-Mona-Bach-\u2013-Einfriedung-I-2020-Kohle-und-Pastell-auf-Papier-29-cm-x-39-cm-1-1280x1698.jpg\",\r\n              \"_1024\": \"\/wp-content\/uploads\/2022\/06\/Nora-Mona-Bach-\u2013-Einfriedung-I-2020-Kohle-und-Pastell-auf-Papier-29-cm-x-39-cm-1-1024x1359.jpg\",\r\n              \"_768\": \"\/wp-content\/uploads\/2022\/06\/Nora-Mona-Bach-\u2013-Einfriedung-I-2020-Kohle-und-Pastell-auf-Papier-29-cm-x-39-cm-1-768x1019.jpg\",\r\n              \"_512\": \"\/wp-content\/uploads\/2022\/06\/Nora-Mona-Bach-\u2013-Einfriedung-I-2020-Kohle-und-Pastell-auf-Papier-29-cm-x-39-cm-1-512x679.jpg\",\r\n              \"_265\": \"\/wp-content\/uploads\/2022\/06\/Nora-Mona-Bach-\u2013-Einfriedung-I-2020-Kohle-und-Pastell-auf-Papier-29-cm-x-39-cm-1-265x352.jpg\"\r\n            },\r\n            \"w\": 1447,\r\n            \"h\": 1920,\r\n            \"ar\": 1.326883206634416,\r\n            \"alt\": \"\",\r\n            \"lightbox_caption\": \"<p class=\\\"_BU\\\">Nora Mona Bach \u2013 Einfriedung I, 2020, Kohle und Pastell auf Papier, 39 cm x 29 cm<\/p>\"\r\n          },\r\n          {\r\n            \"type\": \"img\",\r\n            \"attid\": 13992,\r\n            \"cont\": \"\/wp-content\/uploads\/2022\/06\/Nora-Mona-Bach-\u2013-Gefilde-I-2020-Kohle-und-Pastell-auf-Papier-29-cm-x-39-cm-1.jpg\",\r\n            \"sizes\": {\r\n              \"full\": \"\/wp-content\/uploads\/2022\/06\/Nora-Mona-Bach-\u2013-Gefilde-I-2020-Kohle-und-Pastell-auf-Papier-29-cm-x-39-cm-1.jpg\",\r\n              \"_1280\": \"\/wp-content\/uploads\/2022\/06\/Nora-Mona-Bach-\u2013-Gefilde-I-2020-Kohle-und-Pastell-auf-Papier-29-cm-x-39-cm-1-1280x1715.jpg\",\r\n              \"_1024\": \"\/wp-content\/uploads\/2022\/06\/Nora-Mona-Bach-\u2013-Gefilde-I-2020-Kohle-und-Pastell-auf-Papier-29-cm-x-39-cm-1-1024x1372.jpg\",\r\n              \"_768\": \"\/wp-content\/uploads\/2022\/06\/Nora-Mona-Bach-\u2013-Gefilde-I-2020-Kohle-und-Pastell-auf-Papier-29-cm-x-39-cm-1-768x1029.jpg\",\r\n              \"_512\": \"\/wp-content\/uploads\/2022\/06\/Nora-Mona-Bach-\u2013-Gefilde-I-2020-Kohle-und-Pastell-auf-Papier-29-cm-x-39-cm-1-512x686.jpg\",\r\n              \"_265\": \"\/wp-content\/uploads\/2022\/06\/Nora-Mona-Bach-\u2013-Gefilde-I-2020-Kohle-und-Pastell-auf-Papier-29-cm-x-39-cm-1-265x355.jpg\"\r\n            },\r\n            \"w\": 1433,\r\n            \"h\": 1920,\r\n            \"ar\": 1.3398464759246336,\r\n            \"alt\": \"\",\r\n            \"lightbox_caption\": \"<p class=\\\"_BU\\\">Nora Mona Bach \u2013 Gefilde I, 2020, Kohle und Pastell auf Papier, 39 cm x 29 cm<\/p>\"\r\n          },\r\n          {\r\n            \"type\": \"img\",\r\n            \"attid\": 13993,\r\n            \"cont\": \"\/wp-content\/uploads\/2022\/06\/Nora-Mona-Bach-\u2013-Gefilde-II-2020-Kohle-und-Pastell-auf-Papier-29-cm-x-39-cm-1.jpg\",\r\n            \"sizes\": {\r\n              \"full\": \"\/wp-content\/uploads\/2022\/06\/Nora-Mona-Bach-\u2013-Gefilde-II-2020-Kohle-und-Pastell-auf-Papier-29-cm-x-39-cm-1.jpg\",\r\n              \"_1280\": \"\/wp-content\/uploads\/2022\/06\/Nora-Mona-Bach-\u2013-Gefilde-II-2020-Kohle-und-Pastell-auf-Papier-29-cm-x-39-cm-1-1280x1689.jpg\",\r\n              \"_1024\": \"\/wp-content\/uploads\/2022\/06\/Nora-Mona-Bach-\u2013-Gefilde-II-2020-Kohle-und-Pastell-auf-Papier-29-cm-x-39-cm-1-1024x1351.jpg\",\r\n              \"_768\": \"\/wp-content\/uploads\/2022\/06\/Nora-Mona-Bach-\u2013-Gefilde-II-2020-Kohle-und-Pastell-auf-Papier-29-cm-x-39-cm-1-768x1013.jpg\",\r\n              \"_512\": \"\/wp-content\/uploads\/2022\/06\/Nora-Mona-Bach-\u2013-Gefilde-II-2020-Kohle-und-Pastell-auf-Papier-29-cm-x-39-cm-1-512x676.jpg\",\r\n              \"_265\": \"\/wp-content\/uploads\/2022\/06\/Nora-Mona-Bach-\u2013-Gefilde-II-2020-Kohle-und-Pastell-auf-Papier-29-cm-x-39-cm-1-265x350.jpg\"\r\n            },\r\n            \"w\": 1455,\r\n            \"h\": 1920,\r\n            \"ar\": 1.3195876288659794,\r\n            \"alt\": \"\",\r\n            \"lightbox_caption\": \"<div class=\\\"main-flex-caption\\\"><p class=\\\"_BU\\\">Nora Mona Bach \u2013 Gefilde II, 2020, Kohle und Pastell auf Papier, 39 cm x 29 cm<\/p><\/div>\"\r\n          },\r\n          {\r\n            \"type\": \"img\",\r\n            \"attid\": 14010,\r\n            \"cont\": \"\/wp-content\/uploads\/2022\/06\/Nora-Mona-Bach-\u2013-Spha\u0308re-2020-Pastell-und-Kohle-auf-Papier-39-x-29-cm-1.jpg\",\r\n            \"sizes\": {\r\n              \"full\": \"\/wp-content\/uploads\/2022\/06\/Nora-Mona-Bach-\u2013-Spha\u0308re-2020-Pastell-und-Kohle-auf-Papier-39-x-29-cm-1.jpg\",\r\n              \"_1280\": \"\/wp-content\/uploads\/2022\/06\/Nora-Mona-Bach-\u2013-Spha\u0308re-2020-Pastell-und-Kohle-auf-Papier-39-x-29-cm-1-1280x1686.jpg\",\r\n              \"_1024\": \"\/wp-content\/uploads\/2022\/06\/Nora-Mona-Bach-\u2013-Spha\u0308re-2020-Pastell-und-Kohle-auf-Papier-39-x-29-cm-1-1024x1348.jpg\",\r\n              \"_768\": \"\/wp-content\/uploads\/2022\/06\/Nora-Mona-Bach-\u2013-Spha\u0308re-2020-Pastell-und-Kohle-auf-Papier-39-x-29-cm-1-768x1011.jpg\",\r\n              \"_512\": \"\/wp-content\/uploads\/2022\/06\/Nora-Mona-Bach-\u2013-Spha\u0308re-2020-Pastell-und-Kohle-auf-Papier-39-x-29-cm-1-512x674.jpg\",\r\n              \"_265\": \"\/wp-content\/uploads\/2022\/06\/Nora-Mona-Bach-\u2013-Spha\u0308re-2020-Pastell-und-Kohle-auf-Papier-39-x-29-cm-1-265x349.jpg\"\r\n            },\r\n            \"w\": 1458,\r\n            \"h\": 1920,\r\n            \"ar\": 1.316872427983539,\r\n            \"alt\": \"\",\r\n            \"lightbox_caption\": \"<p class=\\\"_BU\\\">Nora Mona Bach \u2013 Spha\u0308re, 2020, Kohle und Pastell auf Papier, 39 cm x 29 cm<\/p>\"\r\n          },\r\n          {\r\n            \"type\": \"img\",\r\n            \"attid\": 13991,\r\n            \"cont\": \"\/wp-content\/uploads\/2022\/06\/Nora-Mona-Bach-\u2013-Einfriedung-II-2020-Kohle-und-Pastell-auf-Papier-29-cm-x-39-cm-1.jpg\",\r\n            \"sizes\": {\r\n              \"full\": \"\/wp-content\/uploads\/2022\/06\/Nora-Mona-Bach-\u2013-Einfriedung-II-2020-Kohle-und-Pastell-auf-Papier-29-cm-x-39-cm-1.jpg\",\r\n              \"_1280\": \"\/wp-content\/uploads\/2022\/06\/Nora-Mona-Bach-\u2013-Einfriedung-II-2020-Kohle-und-Pastell-auf-Papier-29-cm-x-39-cm-1-1280x1719.jpg\",\r\n              \"_1024\": \"\/wp-content\/uploads\/2022\/06\/Nora-Mona-Bach-\u2013-Einfriedung-II-2020-Kohle-und-Pastell-auf-Papier-29-cm-x-39-cm-1-1024x1375.jpg\",\r\n              \"_768\": \"\/wp-content\/uploads\/2022\/06\/Nora-Mona-Bach-\u2013-Einfriedung-II-2020-Kohle-und-Pastell-auf-Papier-29-cm-x-39-cm-1-768x1031.jpg\",\r\n              \"_512\": \"\/wp-content\/uploads\/2022\/06\/Nora-Mona-Bach-\u2013-Einfriedung-II-2020-Kohle-und-Pastell-auf-Papier-29-cm-x-39-cm-1-512x687.jpg\",\r\n              \"_265\": \"\/wp-content\/uploads\/2022\/06\/Nora-Mona-Bach-\u2013-Einfriedung-II-2020-Kohle-und-Pastell-auf-Papier-29-cm-x-39-cm-1-265x356.jpg\"\r\n            },\r\n            \"w\": 1430,\r\n            \"h\": 1920,\r\n            \"ar\": 1.3426573426573427,\r\n            \"alt\": \"\",\r\n            \"lightbox_caption\": \"<p class=\\\"_BU\\\">Nora Mona Bach \u2013 Einfriedung II, 2020, Kohle und Pastell auf Papier, 39 cm x 29 cm<\/p>\"\r\n          },\r\n          {\r\n            \"type\": \"img\",\r\n            \"attid\": 14008,\r\n            \"cont\": \"\/wp-content\/uploads\/2022\/06\/Nora-Mona-Bach-\u2013-Schauer-2020-Kohle-und-Pastell-auf-Papier-29-cm-x-39-cm-1.jpg\",\r\n            \"sizes\": {\r\n              \"full\": \"\/wp-content\/uploads\/2022\/06\/Nora-Mona-Bach-\u2013-Schauer-2020-Kohle-und-Pastell-auf-Papier-29-cm-x-39-cm-1.jpg\",\r\n              \"_1280\": \"\/wp-content\/uploads\/2022\/06\/Nora-Mona-Bach-\u2013-Schauer-2020-Kohle-und-Pastell-auf-Papier-29-cm-x-39-cm-1-1280x1727.jpg\",\r\n              \"_1024\": \"\/wp-content\/uploads\/2022\/06\/Nora-Mona-Bach-\u2013-Schauer-2020-Kohle-und-Pastell-auf-Papier-29-cm-x-39-cm-1-1024x1382.jpg\",\r\n              \"_768\": \"\/wp-content\/uploads\/2022\/06\/Nora-Mona-Bach-\u2013-Schauer-2020-Kohle-und-Pastell-auf-Papier-29-cm-x-39-cm-1-768x1036.jpg\",\r\n              \"_512\": \"\/wp-content\/uploads\/2022\/06\/Nora-Mona-Bach-\u2013-Schauer-2020-Kohle-und-Pastell-auf-Papier-29-cm-x-39-cm-1-512x691.jpg\",\r\n              \"_265\": \"\/wp-content\/uploads\/2022\/06\/Nora-Mona-Bach-\u2013-Schauer-2020-Kohle-und-Pastell-auf-Papier-29-cm-x-39-cm-1-265x358.jpg\"\r\n            },\r\n            \"w\": 1423,\r\n            \"h\": 1920,\r\n            \"ar\": 1.34926212227688,\r\n            \"alt\": \"\",\r\n            \"lightbox_caption\": \"<p class=\\\"_BU\\\">Nora Mona Bach \u2013 Schauer, 2020, Kohle und Pastell auf Papier, 39 cm x 29 cm<\/p>\"\r\n          },\r\n          {\r\n            \"type\": \"img\",\r\n            \"attid\": 15134,\r\n            \"cont\": \"\/wp-content\/uploads\/2020\/10\/Nora-Mona-Bach-\u2013-Gefilde-III-2020-Kohle-und-Pastell-auf-Papier-29-cm-x-39-cm-1.jpg\",\r\n            \"sizes\": {\r\n              \"full\": \"\/wp-content\/uploads\/2020\/10\/Nora-Mona-Bach-\u2013-Gefilde-III-2020-Kohle-und-Pastell-auf-Papier-29-cm-x-39-cm-1.jpg\",\r\n              \"_1280\": \"\/wp-content\/uploads\/2020\/10\/Nora-Mona-Bach-\u2013-Gefilde-III-2020-Kohle-und-Pastell-auf-Papier-29-cm-x-39-cm-1-1280x1686.jpg\",\r\n              \"_1024\": \"\/wp-content\/uploads\/2020\/10\/Nora-Mona-Bach-\u2013-Gefilde-III-2020-Kohle-und-Pastell-auf-Papier-29-cm-x-39-cm-1-1024x1348.jpg\",\r\n              \"_768\": \"\/wp-content\/uploads\/2020\/10\/Nora-Mona-Bach-\u2013-Gefilde-III-2020-Kohle-und-Pastell-auf-Papier-29-cm-x-39-cm-1-768x1011.jpg\",\r\n              \"_512\": \"\/wp-content\/uploads\/2020\/10\/Nora-Mona-Bach-\u2013-Gefilde-III-2020-Kohle-und-Pastell-auf-Papier-29-cm-x-39-cm-1-512x674.jpg\",\r\n              \"_265\": \"\/wp-content\/uploads\/2020\/10\/Nora-Mona-Bach-\u2013-Gefilde-III-2020-Kohle-und-Pastell-auf-Papier-29-cm-x-39-cm-1-265x349.jpg\"\r\n            },\r\n            \"w\": 1458,\r\n            \"h\": 1920,\r\n            \"ar\": 1.316872427983539,\r\n            \"alt\": \"\",\r\n            \"lightbox_caption\": \"<p class=\\\"_BU\\\">Nora Mona Bach \u2013 Gefilde III, 2020, Kohle und Pastell auf Papier, 39 cm x 29 cm<\/p>\"\r\n          },\r\n          {\r\n            \"type\": \"img\",\r\n            \"attid\": 13996,\r\n            \"cont\": \"\/wp-content\/uploads\/2022\/06\/Nora-Mona-Bach-\u2013-Himmelsraum-2020-Kohle-und-Pastell-auf-Papier-29-cm-x-39-cm-1.jpg\",\r\n            \"sizes\": {\r\n              \"full\": \"\/wp-content\/uploads\/2022\/06\/Nora-Mona-Bach-\u2013-Himmelsraum-2020-Kohle-und-Pastell-auf-Papier-29-cm-x-39-cm-1.jpg\",\r\n              \"_1280\": \"\/wp-content\/uploads\/2022\/06\/Nora-Mona-Bach-\u2013-Himmelsraum-2020-Kohle-und-Pastell-auf-Papier-29-cm-x-39-cm-1-1280x1697.jpg\",\r\n              \"_1024\": \"\/wp-content\/uploads\/2022\/06\/Nora-Mona-Bach-\u2013-Himmelsraum-2020-Kohle-und-Pastell-auf-Papier-29-cm-x-39-cm-1-1024x1358.jpg\",\r\n              \"_768\": \"\/wp-content\/uploads\/2022\/06\/Nora-Mona-Bach-\u2013-Himmelsraum-2020-Kohle-und-Pastell-auf-Papier-29-cm-x-39-cm-1-768x1018.jpg\",\r\n              \"_512\": \"\/wp-content\/uploads\/2022\/06\/Nora-Mona-Bach-\u2013-Himmelsraum-2020-Kohle-und-Pastell-auf-Papier-29-cm-x-39-cm-1-512x679.jpg\",\r\n              \"_265\": \"\/wp-content\/uploads\/2022\/06\/Nora-Mona-Bach-\u2013-Himmelsraum-2020-Kohle-und-Pastell-auf-Papier-29-cm-x-39-cm-1-265x351.jpg\"\r\n            },\r\n            \"w\": 1448,\r\n            \"h\": 1920,\r\n            \"ar\": 1.3259668508287292,\r\n            \"alt\": \"\",\r\n            \"lightbox_caption\": \"<p class=\\\"_BU\\\">Nora Mona Bach \u2013 Himmelsraum, 2020, Kohle und Pastell auf Papier, 39 cm x 29 cm<\/p>\"\r\n          },\r\n          {\r\n            \"type\": \"img\",\r\n            \"attid\": 14001,\r\n            \"cont\": \"\/wp-content\/uploads\/2022\/06\/Nora-Mona-Bach-\u2013-o.-T.-toxo-2014-Kohle-auf-Papier-219-x-220-cm.jpg\",\r\n            \"sizes\": {\r\n              \"full\": \"\/wp-content\/uploads\/2022\/06\/Nora-Mona-Bach-\u2013-o.-T.-toxo-2014-Kohle-auf-Papier-219-x-220-cm.jpg\",\r\n              \"_1280\": \"\/wp-content\/uploads\/2022\/06\/Nora-Mona-Bach-\u2013-o.-T.-toxo-2014-Kohle-auf-Papier-219-x-220-cm-1280x1236.jpg\",\r\n              \"_1024\": \"\/wp-content\/uploads\/2022\/06\/Nora-Mona-Bach-\u2013-o.-T.-toxo-2014-Kohle-auf-Papier-219-x-220-cm-1024x989.jpg\",\r\n              \"_768\": \"\/wp-content\/uploads\/2022\/06\/Nora-Mona-Bach-\u2013-o.-T.-toxo-2014-Kohle-auf-Papier-219-x-220-cm-768x742.jpg\",\r\n              \"_512\": \"\/wp-content\/uploads\/2022\/06\/Nora-Mona-Bach-\u2013-o.-T.-toxo-2014-Kohle-auf-Papier-219-x-220-cm-512x494.jpg\",\r\n              \"_265\": \"\/wp-content\/uploads\/2022\/06\/Nora-Mona-Bach-\u2013-o.-T.-toxo-2014-Kohle-auf-Papier-219-x-220-cm-265x256.jpg\"\r\n            },\r\n            \"w\": 1920,\r\n            \"h\": 1854,\r\n            \"ar\": 0.965625,\r\n            \"alt\": \"\",\r\n            \"lightbox_caption\": \"<p class=\\\"_BU\\\">Nora Mona Bach \u2013 o. T. (toxo), 2014, Kohle auf Papier, 219 x 220 cm<\/p>\"\r\n          },\r\n          {\r\n            \"type\": \"img\",\r\n            \"attid\": 14002,\r\n            \"cont\": \"\/wp-content\/uploads\/2022\/06\/Nora-Mona-Bach-\u2013-o.-T.-V-2016-Kohle-auf-Papier-245-x-155-cm-1.jpg\",\r\n            \"sizes\": {\r\n              \"full\": \"\/wp-content\/uploads\/2022\/06\/Nora-Mona-Bach-\u2013-o.-T.-V-2016-Kohle-auf-Papier-245-x-155-cm-1.jpg\",\r\n              \"_1024\": \"\/wp-content\/uploads\/2022\/06\/Nora-Mona-Bach-\u2013-o.-T.-V-2016-Kohle-auf-Papier-245-x-155-cm-1-1024x1605.jpg\",\r\n              \"_768\": \"\/wp-content\/uploads\/2022\/06\/Nora-Mona-Bach-\u2013-o.-T.-V-2016-Kohle-auf-Papier-245-x-155-cm-1-768x1204.jpg\",\r\n              \"_512\": \"\/wp-content\/uploads\/2022\/06\/Nora-Mona-Bach-\u2013-o.-T.-V-2016-Kohle-auf-Papier-245-x-155-cm-1-512x802.jpg\",\r\n              \"_265\": \"\/wp-content\/uploads\/2022\/06\/Nora-Mona-Bach-\u2013-o.-T.-V-2016-Kohle-auf-Papier-245-x-155-cm-1-265x415.jpg\"\r\n            },\r\n            \"w\": 1225,\r\n            \"h\": 1920,\r\n            \"ar\": 1.5673469387755101,\r\n            \"alt\": \"\",\r\n            \"lightbox_caption\": \"<p class=\\\"_BU\\\">Nora Mona Bach \u2013 o. T. (V), 2016, Kohle auf Papier, 245 x 155 cm<\/p>\"\r\n          },\r\n          {\r\n            \"type\": \"img\",\r\n            \"attid\": 14005,\r\n            \"cont\": \"\/wp-content\/uploads\/2022\/06\/Nora-Mona-Bach-\u2013-radiation-2020-Kohle-und-Pastell-auf-Papier-142-x-140-cm-1.jpg\",\r\n            \"sizes\": {\r\n              \"full\": \"\/wp-content\/uploads\/2022\/06\/Nora-Mona-Bach-\u2013-radiation-2020-Kohle-und-Pastell-auf-Papier-142-x-140-cm-1.jpg\",\r\n              \"_1280\": \"\/wp-content\/uploads\/2022\/06\/Nora-Mona-Bach-\u2013-radiation-2020-Kohle-und-Pastell-auf-Papier-142-x-140-cm-1-1280x1264.jpg\",\r\n              \"_1024\": \"\/wp-content\/uploads\/2022\/06\/Nora-Mona-Bach-\u2013-radiation-2020-Kohle-und-Pastell-auf-Papier-142-x-140-cm-1-1024x1011.jpg\",\r\n              \"_768\": \"\/wp-content\/uploads\/2022\/06\/Nora-Mona-Bach-\u2013-radiation-2020-Kohle-und-Pastell-auf-Papier-142-x-140-cm-1-768x758.jpg\",\r\n              \"_512\": \"\/wp-content\/uploads\/2022\/06\/Nora-Mona-Bach-\u2013-radiation-2020-Kohle-und-Pastell-auf-Papier-142-x-140-cm-1-512x506.jpg\",\r\n              \"_265\": \"\/wp-content\/uploads\/2022\/06\/Nora-Mona-Bach-\u2013-radiation-2020-Kohle-und-Pastell-auf-Papier-142-x-140-cm-1-265x262.jpg\"\r\n            },\r\n            \"w\": 1920,\r\n            \"h\": 1896,\r\n            \"ar\": 0.9875,\r\n            \"alt\": \"\",\r\n            \"lightbox_caption\": \"<p class=\\\"_BU\\\">Nora Mona Bach \u2013 radiation, 2020, Kohle und Pastell auf Papier, 142 x 140 cm<\/p>\"\r\n          },\r\n          {\r\n            \"type\": \"img\",\r\n            \"attid\": 14006,\r\n            \"cont\": \"\/wp-content\/uploads\/2022\/06\/Nora-Mona-Bach-\u2013-Reichtum-2020-Kohle-und-Pastell-auf-Papier-29-cm-x-39-cm-1.jpg\",\r\n            \"sizes\": {\r\n              \"full\": \"\/wp-content\/uploads\/2022\/06\/Nora-Mona-Bach-\u2013-Reichtum-2020-Kohle-und-Pastell-auf-Papier-29-cm-x-39-cm-1.jpg\",\r\n              \"_1280\": \"\/wp-content\/uploads\/2022\/06\/Nora-Mona-Bach-\u2013-Reichtum-2020-Kohle-und-Pastell-auf-Papier-29-cm-x-39-cm-1-1280x1713.jpg\",\r\n              \"_1024\": \"\/wp-content\/uploads\/2022\/06\/Nora-Mona-Bach-\u2013-Reichtum-2020-Kohle-und-Pastell-auf-Papier-29-cm-x-39-cm-1-1024x1370.jpg\",\r\n              \"_768\": \"\/wp-content\/uploads\/2022\/06\/Nora-Mona-Bach-\u2013-Reichtum-2020-Kohle-und-Pastell-auf-Papier-29-cm-x-39-cm-1-768x1028.jpg\",\r\n              \"_512\": \"\/wp-content\/uploads\/2022\/06\/Nora-Mona-Bach-\u2013-Reichtum-2020-Kohle-und-Pastell-auf-Papier-29-cm-x-39-cm-1-512x685.jpg\",\r\n              \"_265\": \"\/wp-content\/uploads\/2022\/06\/Nora-Mona-Bach-\u2013-Reichtum-2020-Kohle-und-Pastell-auf-Papier-29-cm-x-39-cm-1-265x355.jpg\"\r\n            },\r\n            \"w\": 1435,\r\n            \"h\": 1920,\r\n            \"ar\": 1.3379790940766552,\r\n            \"alt\": \"\",\r\n            \"lightbox_caption\": \"<p class=\\\"_BU\\\">Nora Mona Bach \u2013 Reichtum, 2020, Kohle und Pastell auf Papier, 39 cm x 29 cm<\/p>\"\r\n          },\r\n          {\r\n            \"type\": \"img\",\r\n            \"attid\": 14011,\r\n            \"cont\": \"\/wp-content\/uploads\/2022\/06\/Nora-Mona-Bach-\u2013-Stille-Du\u0308nung-I-2020-Kohle-und-Pastell-auf-Papier-29-cm-x-39-cm-1.jpg\",\r\n            \"sizes\": {\r\n              \"full\": \"\/wp-content\/uploads\/2022\/06\/Nora-Mona-Bach-\u2013-Stille-Du\u0308nung-I-2020-Kohle-und-Pastell-auf-Papier-29-cm-x-39-cm-1.jpg\",\r\n              \"_1280\": \"\/wp-content\/uploads\/2022\/06\/Nora-Mona-Bach-\u2013-Stille-Du\u0308nung-I-2020-Kohle-und-Pastell-auf-Papier-29-cm-x-39-cm-1-1280x1704.jpg\",\r\n              \"_1024\": \"\/wp-content\/uploads\/2022\/06\/Nora-Mona-Bach-\u2013-Stille-Du\u0308nung-I-2020-Kohle-und-Pastell-auf-Papier-29-cm-x-39-cm-1-1024x1363.jpg\",\r\n              \"_768\": \"\/wp-content\/uploads\/2022\/06\/Nora-Mona-Bach-\u2013-Stille-Du\u0308nung-I-2020-Kohle-und-Pastell-auf-Papier-29-cm-x-39-cm-1-768x1023.jpg\",\r\n              \"_512\": \"\/wp-content\/uploads\/2022\/06\/Nora-Mona-Bach-\u2013-Stille-Du\u0308nung-I-2020-Kohle-und-Pastell-auf-Papier-29-cm-x-39-cm-1-512x682.jpg\",\r\n              \"_265\": \"\/wp-content\/uploads\/2022\/06\/Nora-Mona-Bach-\u2013-Stille-Du\u0308nung-I-2020-Kohle-und-Pastell-auf-Papier-29-cm-x-39-cm-1-265x353.jpg\"\r\n            },\r\n            \"w\": 1442,\r\n            \"h\": 1920,\r\n            \"ar\": 1.331484049930652,\r\n            \"alt\": \"\",\r\n            \"lightbox_caption\": \"<p class=\\\"_BU\\\">Nora Mona Bach \u2013 Stille Du\u0308nung I, 2020, Kohle und Pastell auf Papier, 39 cm x 29 cm<\/p>\"\r\n          },\r\n          {\r\n            \"type\": \"img\",\r\n            \"attid\": 14012,\r\n            \"cont\": \"\/wp-content\/uploads\/2022\/06\/Nora-Mona-Bach-\u2013-Stille-Du\u0308nung-II-2020-Kohle-und-Pastell-auf-Papier-29-cm-x-39-cm-1.jpg\",\r\n            \"sizes\": {\r\n              \"full\": \"\/wp-content\/uploads\/2022\/06\/Nora-Mona-Bach-\u2013-Stille-Du\u0308nung-II-2020-Kohle-und-Pastell-auf-Papier-29-cm-x-39-cm-1.jpg\",\r\n              \"_1280\": \"\/wp-content\/uploads\/2022\/06\/Nora-Mona-Bach-\u2013-Stille-Du\u0308nung-II-2020-Kohle-und-Pastell-auf-Papier-29-cm-x-39-cm-1-1280x1691.jpg\",\r\n              \"_1024\": \"\/wp-content\/uploads\/2022\/06\/Nora-Mona-Bach-\u2013-Stille-Du\u0308nung-II-2020-Kohle-und-Pastell-auf-Papier-29-cm-x-39-cm-1-1024x1353.jpg\",\r\n              \"_768\": \"\/wp-content\/uploads\/2022\/06\/Nora-Mona-Bach-\u2013-Stille-Du\u0308nung-II-2020-Kohle-und-Pastell-auf-Papier-29-cm-x-39-cm-1-768x1015.jpg\",\r\n              \"_512\": \"\/wp-content\/uploads\/2022\/06\/Nora-Mona-Bach-\u2013-Stille-Du\u0308nung-II-2020-Kohle-und-Pastell-auf-Papier-29-cm-x-39-cm-1-512x677.jpg\",\r\n              \"_265\": \"\/wp-content\/uploads\/2022\/06\/Nora-Mona-Bach-\u2013-Stille-Du\u0308nung-II-2020-Kohle-und-Pastell-auf-Papier-29-cm-x-39-cm-1-265x350.jpg\"\r\n            },\r\n            \"w\": 1453,\r\n            \"h\": 1920,\r\n            \"ar\": 1.321403991741225,\r\n            \"alt\": \"\",\r\n            \"lightbox_caption\": \"<p class=\\\"_BU\\\">Nora Mona Bach \u2013 Stille Du\u0308nung II, 2020, Kohle und Pastell auf Papier, 39 cm x 29 cm<\/p>\"\r\n          },\r\n          {\r\n            \"type\": \"img\",\r\n            \"attid\": 14014,\r\n            \"cont\": \"\/wp-content\/uploads\/2022\/06\/Nora-Mona-Bach-\u2013-Tension-I-2020-Kohle-und-Pastell-auf-Papier-29-cm-x-39-cm-1.jpg\",\r\n            \"sizes\": {\r\n              \"full\": \"\/wp-content\/uploads\/2022\/06\/Nora-Mona-Bach-\u2013-Tension-I-2020-Kohle-und-Pastell-auf-Papier-29-cm-x-39-cm-1.jpg\",\r\n              \"_1280\": \"\/wp-content\/uploads\/2022\/06\/Nora-Mona-Bach-\u2013-Tension-I-2020-Kohle-und-Pastell-auf-Papier-29-cm-x-39-cm-1-1280x1708.jpg\",\r\n              \"_1024\": \"\/wp-content\/uploads\/2022\/06\/Nora-Mona-Bach-\u2013-Tension-I-2020-Kohle-und-Pastell-auf-Papier-29-cm-x-39-cm-1-1024x1366.jpg\",\r\n              \"_768\": \"\/wp-content\/uploads\/2022\/06\/Nora-Mona-Bach-\u2013-Tension-I-2020-Kohle-und-Pastell-auf-Papier-29-cm-x-39-cm-1-768x1025.jpg\",\r\n              \"_512\": \"\/wp-content\/uploads\/2022\/06\/Nora-Mona-Bach-\u2013-Tension-I-2020-Kohle-und-Pastell-auf-Papier-29-cm-x-39-cm-1-512x683.jpg\",\r\n              \"_265\": \"\/wp-content\/uploads\/2022\/06\/Nora-Mona-Bach-\u2013-Tension-I-2020-Kohle-und-Pastell-auf-Papier-29-cm-x-39-cm-1-265x354.jpg\"\r\n            },\r\n            \"w\": 1439,\r\n            \"h\": 1920,\r\n            \"ar\": 1.3342599027102153,\r\n            \"alt\": \"\",\r\n            \"lightbox_caption\": \"<p class=\\\"_BU\\\">Nora Mona Bach \u2013 Tension I, 2020, Kohle und Pastell auf Papier, 39 cm x 29 cm<\/p>\"\r\n          },\r\n          {\r\n            \"type\": \"img\",\r\n            \"attid\": 14015,\r\n            \"cont\": \"\/wp-content\/uploads\/2022\/06\/Nora-Mona-Bach-\u2013-Tension-II-2020-Kohle-und-Pastell-auf-Papier-29-cm-x-39-cm-1.jpg\",\r\n            \"sizes\": {\r\n              \"full\": \"\/wp-content\/uploads\/2022\/06\/Nora-Mona-Bach-\u2013-Tension-II-2020-Kohle-und-Pastell-auf-Papier-29-cm-x-39-cm-1.jpg\",\r\n              \"_1280\": \"\/wp-content\/uploads\/2022\/06\/Nora-Mona-Bach-\u2013-Tension-II-2020-Kohle-und-Pastell-auf-Papier-29-cm-x-39-cm-1-1280x1705.jpg\",\r\n              \"_1024\": \"\/wp-content\/uploads\/2022\/06\/Nora-Mona-Bach-\u2013-Tension-II-2020-Kohle-und-Pastell-auf-Papier-29-cm-x-39-cm-1-1024x1364.jpg\",\r\n              \"_768\": \"\/wp-content\/uploads\/2022\/06\/Nora-Mona-Bach-\u2013-Tension-II-2020-Kohle-und-Pastell-auf-Papier-29-cm-x-39-cm-1-768x1023.jpg\",\r\n              \"_512\": \"\/wp-content\/uploads\/2022\/06\/Nora-Mona-Bach-\u2013-Tension-II-2020-Kohle-und-Pastell-auf-Papier-29-cm-x-39-cm-1-512x682.jpg\",\r\n              \"_265\": \"\/wp-content\/uploads\/2022\/06\/Nora-Mona-Bach-\u2013-Tension-II-2020-Kohle-und-Pastell-auf-Papier-29-cm-x-39-cm-1-265x353.jpg\"\r\n            },\r\n            \"w\": 1441,\r\n            \"h\": 1920,\r\n            \"ar\": 1.332408049965302,\r\n            \"alt\": \"\",\r\n            \"lightbox_caption\": \"<p class=\\\"_BU\\\">Nora Mona Bach \u2013 Tension II, 2020, Kohle und Pastell auf Papier, 39 cm x 29 cm<\/p>\"\r\n          },\r\n          {\r\n            \"type\": \"img\",\r\n            \"attid\": 14016,\r\n            \"cont\": \"\/wp-content\/uploads\/2022\/06\/Nora-Mona-Bach-\u2013-Tension-III-2020-Kohle-und-Pastell-auf-Papier-29-cm-x-39-cm-1.jpg\",\r\n            \"sizes\": {\r\n              \"full\": \"\/wp-content\/uploads\/2022\/06\/Nora-Mona-Bach-\u2013-Tension-III-2020-Kohle-und-Pastell-auf-Papier-29-cm-x-39-cm-1.jpg\",\r\n              \"_1280\": \"\/wp-content\/uploads\/2022\/06\/Nora-Mona-Bach-\u2013-Tension-III-2020-Kohle-und-Pastell-auf-Papier-29-cm-x-39-cm-1-1280x1681.jpg\",\r\n              \"_1024\": \"\/wp-content\/uploads\/2022\/06\/Nora-Mona-Bach-\u2013-Tension-III-2020-Kohle-und-Pastell-auf-Papier-29-cm-x-39-cm-1-1024x1345.jpg\",\r\n              \"_768\": \"\/wp-content\/uploads\/2022\/06\/Nora-Mona-Bach-\u2013-Tension-III-2020-Kohle-und-Pastell-auf-Papier-29-cm-x-39-cm-1-768x1009.jpg\",\r\n              \"_512\": \"\/wp-content\/uploads\/2022\/06\/Nora-Mona-Bach-\u2013-Tension-III-2020-Kohle-und-Pastell-auf-Papier-29-cm-x-39-cm-1-512x672.jpg\",\r\n              \"_265\": \"\/wp-content\/uploads\/2022\/06\/Nora-Mona-Bach-\u2013-Tension-III-2020-Kohle-und-Pastell-auf-Papier-29-cm-x-39-cm-1-265x348.jpg\"\r\n            },\r\n            \"w\": 1462,\r\n            \"h\": 1920,\r\n            \"ar\": 1.3132694938440492,\r\n            \"alt\": \"\",\r\n            \"lightbox_caption\": \"<p class=\\\"_BU\\\">Nora Mona Bach \u2013 Tension III, 2020, Kohle und Pastell auf Papier, 39 cm x 29 cm<\/p>\"\r\n          },\r\n          {\r\n            \"type\": \"img\",\r\n            \"attid\": 14022,\r\n            \"cont\": \"\/wp-content\/uploads\/2022\/06\/Nora-Mona-Bach-\u2013-Wandel-I-2020-Kohle-und-Pastell-auf-Papier-29-cm-x-39-cm-1.jpg\",\r\n            \"sizes\": {\r\n              \"full\": \"\/wp-content\/uploads\/2022\/06\/Nora-Mona-Bach-\u2013-Wandel-I-2020-Kohle-und-Pastell-auf-Papier-29-cm-x-39-cm-1.jpg\",\r\n              \"_1280\": \"\/wp-content\/uploads\/2022\/06\/Nora-Mona-Bach-\u2013-Wandel-I-2020-Kohle-und-Pastell-auf-Papier-29-cm-x-39-cm-1-1280x1687.jpg\",\r\n              \"_1024\": \"\/wp-content\/uploads\/2022\/06\/Nora-Mona-Bach-\u2013-Wandel-I-2020-Kohle-und-Pastell-auf-Papier-29-cm-x-39-cm-1-1024x1349.jpg\",\r\n              \"_768\": \"\/wp-content\/uploads\/2022\/06\/Nora-Mona-Bach-\u2013-Wandel-I-2020-Kohle-und-Pastell-auf-Papier-29-cm-x-39-cm-1-768x1012.jpg\",\r\n              \"_512\": \"\/wp-content\/uploads\/2022\/06\/Nora-Mona-Bach-\u2013-Wandel-I-2020-Kohle-und-Pastell-auf-Papier-29-cm-x-39-cm-1-512x675.jpg\",\r\n              \"_265\": \"\/wp-content\/uploads\/2022\/06\/Nora-Mona-Bach-\u2013-Wandel-I-2020-Kohle-und-Pastell-auf-Papier-29-cm-x-39-cm-1-265x349.jpg\"\r\n            },\r\n            \"w\": 1457,\r\n            \"h\": 1920,\r\n            \"ar\": 1.3177762525737817,\r\n            \"alt\": \"\",\r\n            \"lightbox_caption\": \"<p class=\\\"_BU\\\">Nora Mona Bach \u2013 Wandel I, 2020, Kohle und Pastell auf Papier, 39 cm x 29 cm<\/p>\"\r\n          },\r\n          {\r\n            \"type\": \"img\",\r\n            \"attid\": 14024,\r\n            \"cont\": \"\/wp-content\/uploads\/2022\/06\/Nora-Mona-Bach-\u2013-Wandel-III-2020-Kohle-und-Pastell-auf-Papier-29-cm-x-39-cm-1.jpg\",\r\n            \"sizes\": {\r\n              \"full\": \"\/wp-content\/uploads\/2022\/06\/Nora-Mona-Bach-\u2013-Wandel-III-2020-Kohle-und-Pastell-auf-Papier-29-cm-x-39-cm-1.jpg\",\r\n              \"_1280\": \"\/wp-content\/uploads\/2022\/06\/Nora-Mona-Bach-\u2013-Wandel-III-2020-Kohle-und-Pastell-auf-Papier-29-cm-x-39-cm-1-1280x1725.jpg\",\r\n              \"_1024\": \"\/wp-content\/uploads\/2022\/06\/Nora-Mona-Bach-\u2013-Wandel-III-2020-Kohle-und-Pastell-auf-Papier-29-cm-x-39-cm-1-1024x1380.jpg\",\r\n              \"_768\": \"\/wp-content\/uploads\/2022\/06\/Nora-Mona-Bach-\u2013-Wandel-III-2020-Kohle-und-Pastell-auf-Papier-29-cm-x-39-cm-1-768x1035.jpg\",\r\n              \"_512\": \"\/wp-content\/uploads\/2022\/06\/Nora-Mona-Bach-\u2013-Wandel-III-2020-Kohle-und-Pastell-auf-Papier-29-cm-x-39-cm-1-512x690.jpg\",\r\n              \"_265\": \"\/wp-content\/uploads\/2022\/06\/Nora-Mona-Bach-\u2013-Wandel-III-2020-Kohle-und-Pastell-auf-Papier-29-cm-x-39-cm-1-265x357.jpg\"\r\n            },\r\n            \"w\": 1425,\r\n            \"h\": 1920,\r\n            \"ar\": 1.3473684210526315,\r\n            \"alt\": \"\",\r\n            \"lightbox_caption\": \"<p class=\\\"_BU\\\">Nora Mona Bach \u2013 Wandel III, 2020, Kohle und Pastell auf Papier, 39 cm x 29 cm<\/p>\"\r\n          },\r\n          {\r\n            \"type\": \"img\",\r\n            \"attid\": 14025,\r\n            \"cont\": \"\/wp-content\/uploads\/2022\/06\/Nora-Mona-Bach-\u2013-Wandel-IV-2020-Kohle-und-Pastell-auf-Papier-29-cm-x-39-cm-1.jpg\",\r\n            \"sizes\": {\r\n              \"full\": \"\/wp-content\/uploads\/2022\/06\/Nora-Mona-Bach-\u2013-Wandel-IV-2020-Kohle-und-Pastell-auf-Papier-29-cm-x-39-cm-1.jpg\",\r\n              \"_1280\": \"\/wp-content\/uploads\/2022\/06\/Nora-Mona-Bach-\u2013-Wandel-IV-2020-Kohle-und-Pastell-auf-Papier-29-cm-x-39-cm-1-1280x1690.jpg\",\r\n              \"_1024\": \"\/wp-content\/uploads\/2022\/06\/Nora-Mona-Bach-\u2013-Wandel-IV-2020-Kohle-und-Pastell-auf-Papier-29-cm-x-39-cm-1-1024x1352.jpg\",\r\n              \"_768\": \"\/wp-content\/uploads\/2022\/06\/Nora-Mona-Bach-\u2013-Wandel-IV-2020-Kohle-und-Pastell-auf-Papier-29-cm-x-39-cm-1-768x1014.jpg\",\r\n              \"_512\": \"\/wp-content\/uploads\/2022\/06\/Nora-Mona-Bach-\u2013-Wandel-IV-2020-Kohle-und-Pastell-auf-Papier-29-cm-x-39-cm-1-512x676.jpg\",\r\n              \"_265\": \"\/wp-content\/uploads\/2022\/06\/Nora-Mona-Bach-\u2013-Wandel-IV-2020-Kohle-und-Pastell-auf-Papier-29-cm-x-39-cm-1-265x350.jpg\"\r\n            },\r\n            \"w\": 1454,\r\n            \"h\": 1920,\r\n            \"ar\": 1.3204951856946354,\r\n            \"alt\": \"\",\r\n            \"lightbox_caption\": \"<p class=\\\"_BU\\\">Nora Mona Bach \u2013 Wandel IV, 2020, Kohle und Pastell auf Papier, 39 cm x 29 cm<\/p>\"\r\n          },\r\n          {\r\n            \"type\": \"img\",\r\n            \"attid\": 14026,\r\n            \"cont\": \"\/wp-content\/uploads\/2022\/06\/Nora-Mona-Bach-\u2013-Wandel-XXIV-2020-Kohle-und-Pastell-auf-Papier-29-cm-x-39-cm-1.jpg\",\r\n            \"sizes\": {\r\n              \"full\": \"\/wp-content\/uploads\/2022\/06\/Nora-Mona-Bach-\u2013-Wandel-XXIV-2020-Kohle-und-Pastell-auf-Papier-29-cm-x-39-cm-1.jpg\",\r\n              \"_1280\": \"\/wp-content\/uploads\/2022\/06\/Nora-Mona-Bach-\u2013-Wandel-XXIV-2020-Kohle-und-Pastell-auf-Papier-29-cm-x-39-cm-1-1280x1682.jpg\",\r\n              \"_1024\": \"\/wp-content\/uploads\/2022\/06\/Nora-Mona-Bach-\u2013-Wandel-XXIV-2020-Kohle-und-Pastell-auf-Papier-29-cm-x-39-cm-1-1024x1346.jpg\",\r\n              \"_768\": \"\/wp-content\/uploads\/2022\/06\/Nora-Mona-Bach-\u2013-Wandel-XXIV-2020-Kohle-und-Pastell-auf-Papier-29-cm-x-39-cm-1-768x1009.jpg\",\r\n              \"_512\": \"\/wp-content\/uploads\/2022\/06\/Nora-Mona-Bach-\u2013-Wandel-XXIV-2020-Kohle-und-Pastell-auf-Papier-29-cm-x-39-cm-1-512x673.jpg\",\r\n              \"_265\": \"\/wp-content\/uploads\/2022\/06\/Nora-Mona-Bach-\u2013-Wandel-XXIV-2020-Kohle-und-Pastell-auf-Papier-29-cm-x-39-cm-1-265x348.jpg\"\r\n            },\r\n            \"w\": 1461,\r\n            \"h\": 1920,\r\n            \"ar\": 1.3141683778234086,\r\n            \"alt\": \"\",\r\n            \"lightbox_caption\": \"<p class=\\\"_BU\\\">Nora Mona Bach \u2013 Wandel XXIV, 2020, Kohle und Pastell auf Papier, 39 cm x 29 cm<\/p>\"\r\n          },\r\n          {\r\n            \"type\": \"img\",\r\n            \"attid\": 14023,\r\n            \"cont\": \"\/wp-content\/uploads\/2022\/06\/Nora-Mona-Bach-\u2013-Wandel-II-2020-Kohle-und-Pastell-auf-Papier-29-cm-x-39-cm-1.jpg\",\r\n            \"sizes\": {\r\n              \"full\": \"\/wp-content\/uploads\/2022\/06\/Nora-Mona-Bach-\u2013-Wandel-II-2020-Kohle-und-Pastell-auf-Papier-29-cm-x-39-cm-1.jpg\",\r\n              \"_1280\": \"\/wp-content\/uploads\/2022\/06\/Nora-Mona-Bach-\u2013-Wandel-II-2020-Kohle-und-Pastell-auf-Papier-29-cm-x-39-cm-1-1280x1672.jpg\",\r\n              \"_1024\": \"\/wp-content\/uploads\/2022\/06\/Nora-Mona-Bach-\u2013-Wandel-II-2020-Kohle-und-Pastell-auf-Papier-29-cm-x-39-cm-1-1024x1337.jpg\",\r\n              \"_768\": \"\/wp-content\/uploads\/2022\/06\/Nora-Mona-Bach-\u2013-Wandel-II-2020-Kohle-und-Pastell-auf-Papier-29-cm-x-39-cm-1-768x1003.jpg\",\r\n              \"_512\": \"\/wp-content\/uploads\/2022\/06\/Nora-Mona-Bach-\u2013-Wandel-II-2020-Kohle-und-Pastell-auf-Papier-29-cm-x-39-cm-1-512x669.jpg\",\r\n              \"_265\": \"\/wp-content\/uploads\/2022\/06\/Nora-Mona-Bach-\u2013-Wandel-II-2020-Kohle-und-Pastell-auf-Papier-29-cm-x-39-cm-1-265x346.jpg\"\r\n            },\r\n            \"w\": 1470,\r\n            \"h\": 1920,\r\n            \"ar\": 1.3061224489795917,\r\n            \"alt\": \"\",\r\n            \"lightbox_caption\": \"<p class=\\\"_BU\\\">Nora Mona Bach \u2013 Wandel II, 2020, Kohle und Pastell auf Papier, 39 cm x 29 cm<\/p>\"\r\n          }\r\n        ],\r\n        \"addtostart\": false,\r\n        \"gutterMu\": \"%\"\r\n      },\r\n      \"absolute_position\": false\r\n    },\r\n    {\r\n      \"type\": \"text\",\r\n      \"cont\": \"<p class=\\\"_Default\\\">Mit dem Nachtsichtger\u00e4t unterwegs \u2013 Ich sehe was, was Du nicht siehst.<\/p><p class=\\\"_Fliesstexte\\\"><span>Landschaften. Es sind Landschaften. Da bin ich mir sicher, aber dann verl\u00e4sst mich die Sicherheit schon, wenn es gilt, diese Landschaften n\u00e4her zu beschreiben. Es sind Nah- und Fernaufnahmen, Wasser- und Waldlandschaften, verlassene Grundst\u00fccke mit Ruinen, Landschaften, in denen just in diesem Moment die Erde durch die Luft geschleudert wird, Landschaften wie durch ein vereistes Fenster gesehen. Es scheint oft Nacht zu sein.<\/span><br \/><span>Nora Mona Bachs Landschaften hei\u00dfen \u201eHalde\u201c, \u201eGew\u00e4sser\u201c, \u201eVortex\u201c oder \u201eTatort\u201c \u2013 nicht gerade anheimelnde Ortsbezeichnungen, aber weit genug, um eigene Vorstellungen von den Ereignissen zu entwickeln, welche hier stattgefunden haben k\u00f6nnten. Menschen leben hier nicht mehr, haben jedoch vereinzelt Spuren hinterlassen. Aber nun sind wir hier unterwegs und sehen Dinge, von denen wir nichts ahnten, vielleicht auch nichts wissen wollten.<\/span><br \/><span>Die Stimmung der Landschaften changiert zwischen poetisch und bedrohlich; wir m\u00fcssen selbst entscheiden, ob wir sie betreten, den Weg durch sie fortsetzen oder hier graben wollen. Man kann nicht wissen, was man finden wird. Einige wirken friedlich, andere gef\u00e4hrlich. Die unglaubliche Sch\u00f6nheit von Wirbeln, die lebensbedrohende Zerst\u00f6rung anrichten.<\/span><br \/><span>Wir sehen die gleichm\u00e4\u00dfig gewellte Oberfl\u00e4che von Wasser, ahnen sein Glitzern im Sonnenlicht. Wir scheinen nah dran zu sein. Oder sind es Aufnahmen der Nasa von den Wasserwirbeln des Meeres, aus mehreren Kilometern Entfernung gemacht? Oder doch der Blick durch ein Mikroskop?<\/span><br \/><span>Nora Mona Bach schafft Ungewissheiten, spielt mit unserem Wunsch nach Gewissheit und macht uns bewusst, dass alles eine Frage der Perspektive ist. Und der Phantasie.<\/span><br \/><span>Es gibt keinen Raum auf dieser Welt ohne eine Geschichte, sagt sie, die einen siebten Sinn hat f\u00fcr die Schichten, aus denen sich ein Ort im Laufe der Zeit zusammensetzt. Auch wir wissen, dass in unserer Wohnung Vormieter lebten, denn wir entfernen ihre alten Tapeten. Aber h\u00f6ren wir sie auch lachen und weinen? F\u00fchlen wir das Leben, welches in diesen R\u00e4umen stattgefunden hat?<\/span><br \/><span>Diese Sensibilit\u00e4t ist eine Gabe, die Nora Mona Bach frei von Sentimentalit\u00e4t in ein gro\u00dfes Werk umsetzt, denn auffallend sind Gr\u00f6\u00dfe und Materialit\u00e4t dieser Arbeiten, welche die K\u00fcnstlerin bescheiden \u201eKohlezeichnungen\u201c nennt. Sie zeichnet aber nicht, sondern sie malt mit losem Reisskohlepulver. Reisskohle besteht aus gemahlener Holzkohle, Ru\u00df, Ton und Bindemitteln und erm\u00f6glicht tiefere Schwarzt\u00f6ne als nat\u00fcrliche Zeichenkohle, die nur aus dem verkohlten Holz besteht. Tiefe Schwarzt\u00f6ne braucht die K\u00fcnstlerin.<\/span><br \/><span>Nora Mona Bachs Arbeiten wirken wie Schwarz-Wei\u00df-Fotografien von farbigen Malereien, so differenziert sind die Graut\u00f6ne. Mit B\u00fcrsten und Fixativ, einem fl\u00fcssigen Bindemittel, legt sie die Schw\u00e4rze an und bindet sie dann ein in kraftvolle Strukturen von Grau, von schwungvollen Linien, energischen Schw\u00fcngen, Klecksen, Tupfen, bewegten Spritzern und Blattformen. Fixiert erneut, um diesen Zustand festzuhalten, an dem sie dann weiterarbeitet. Sie arbeitet von Hell zu Dunkel und von Dunkel zu Hell. Mit Kohlenstaub l\u00e4sst sich mehr auf dem Papier anstellen als mit einem Stift aus gepresster Kohle. Der Staub l\u00e4sst sich hin und her wischen, mit Fingern und Pinseln verteilen, man kann ihn mit Fl\u00fcssigkeit zu Brei binden, bearbeiten, mit Radiergummis wieder abnehmen und mit anderen Werkzeugen sogar zu scharfen Linien formen.<\/span><br \/><span>Kohle ist eines der \u00e4ltesten Mal- und Zeichenmittel der Menschheit, diente dann aber lange nur als billiges Arbeitsmittel, um Malereien vorzubereiten, weil man das Material leicht korrigieren kann. Das, was Nora Mona Bach macht, habe ich noch nie gesehen. Mit jedem Werk erweitert sie ihr technisches Repertoire, jede Arbeit beinhaltet eine Summe von M\u00f6glichkeiten. Die K\u00fcnstlerin hat diese Technik entwickelt und \u00fcber die Jahre perfektioniert. Sie denkt in gro\u00dfen Dimensionen, nimmt es mit femininer Kraft mit alten M\u00e4nnern auf. Wer denkt nicht beim Betrachten ihrer Arbeiten mal an William Turner, Max Ernst, Jackson Pollock oder Anselm Kiefer? Nicht, weil sie von ihnen irgendetwas \u00fcbernommen h\u00e4tte, sondern es ist ihre Unerschrockenheit, mit der sie Nie-Gesehenes aus diesem \u201earmen\u201c und \u201edreckigem\u201c Material erschafft und daf\u00fcr eine eigene Technik entwickelte.<\/span><br \/><span>Den Zufall plant sie dabei als Arbeitsmittel ein, f\u00f6rdert ihn gezielt, indem sie wohl\u00fcberlegt das Fixativ auf die leere Papierbahn wirft. Wohin sie mehr Fl\u00fcssigkeit schleudert, dort werden sich die schwarzen Flecken h\u00e4ufen, denn das noch feuchte Fixativ bindet das darauf aufgetragene Kohlepulver. Aber im Detail l\u00e4sst sich die Verbreitung der Spritzer nicht kontrollieren und so dienen die Flecken zur Inspiration und Imagination. Der K\u00fcnstlerin macht es Freude, auf Geschehenes reagieren zu k\u00f6nnen \u2013 da ergeben sich Parallelen zum realen Leben: Mit Neugierde abzuwarten was passiert, erfordert Mut und das Selbstvertrauen, jederzeit darauf reagieren zu k\u00f6nnen. Weil sie das Material beherrscht, kann sie es gerne dem Zufall \u00fcberlassen, um diesen anschlie\u00dfend wieder zu b\u00e4ndigen. Insbesondere das Wegnehmen der Kohle erfordert Entscheidungen. Das kann die Entscheidung f\u00fcr einen speziellen Radiergummi sein, der fettiger ist als ein anderer, denn beim erneuten \u00dcberarbeiten der radierten Partien mit Kohle, bleibt diese am Fett h\u00e4ngen und ergibt den erw\u00fcnschten Grauton.<\/span><br \/><span>\u00a0<\/span><br \/><span>Nora Mona Bach ist die Meisterin der Graut\u00f6ne, denn ein gro\u00dfer Teil der Arbeit besteht im Wegnehmen des Materials, im Aufhellen der Fl\u00e4chen. Sie ist sich dieses Luxus\u2018 im Umgang mit dem Material bewusst. Wie ein Bildhauer legt sie die Formen frei.<\/span><br \/><span>So entstehen in einem langen Arbeitsprozess ihre Landschaften, die gleicherma\u00dfen Abstand und N\u00e4he erfordern. Abstand, um den impressionistisch gestalteten Raum \u00fcberhaupt erfassen zu k\u00f6nnen. N\u00e4he, um die unz\u00e4hligen Details darin zu erkennen, um zu begreifen, welche den Hintergrund bilden oder welche vorgelagert sind. Es ist ein trickreiches Spiel mit unserem Sehsinn. Und obwohl jede ihrer Arbeiten in ihrem Kern etwas anderes verhandelt, so erzielen alle eine optische Verwirrung. Es ist das Licht, mit dem sich Nora Mona Bach auseinandersetzt und dabei \u00e4sthetische Erfahrungen erm\u00f6glicht. In ihrem Spiel mit Ambivalenzen irritiert sie uns und wir zweifeln an unserer Wahrnehmung, wollen es dann unbedingt genau wissen und vergleichen immer wieder: Die schwarzen Elemente in der Arbeit \u201eo.T. (Kante)\u201c scheinen rechts den Hintergrund f\u00fcr wei\u00dfe Bl\u00e4tter zu bilden, wehen aber links als Schwarm vor der wei\u00dfen Fl\u00e4che. Was stimmt? Oder trifft beides gleicherma\u00dfen zu?<\/span><br \/><span>Die K\u00fcnstlerin spielt ebenso mit unserer Wahrnehmung wie mit den Gegens\u00e4tzen und Assoziationen: Ungeformtes trifft auf Geformtes, Unbekanntes auf Bekanntes, diffuse Erinnerungen werden geweckt so wie Landschaften kurz aus dem Nebel auftauchen. Nur bedingt nehmen sie konkrete Gestalt an, verwandeln sich wieder, bevor wir ihrer habhaft werden k\u00f6nnen. Friedliches kann auf einmal bedrohlich wirken. Filigrane Pflanzenelemente erwecken den Anschein von Idyllen, dabei sind sie l\u00e4ngst abgestorben oder erwachsen aus dem Humus von Vergangenem, der alles enthalten kann, was denkbar ist. Tatorte eben.<\/span><br \/><span>Wer ist mit einem Nachtsichtger\u00e4t unterwegs? Und warum? J\u00e4ger, Milit\u00e4r und Polizei, auch Wissenschaftler, Natursch\u00fctzer und interessierte Laien. Sie alle suchen etwas, was offensichtlich schwer zu finden ist, was sich am Tag nicht zeigt. Oft st\u00f6\u00dft man dabei auf Unerwartetes, manchmal auf Unangenehmes und Bedrohliches.<\/span><br \/><span>Warum wirkt ein Wald bei Tag anders als in der Nacht? Angestrengt unterst\u00fctzt der H\u00f6rsinn die Augen. Handelt es sich bei den grauen Flecken in \u201eo.T. (Kleine K\u00f6rper)\u201c um herumfliegende Samen von Gr\u00e4sern oder um Lichtreflexe?<\/span><br \/><span>Oder handelt es sich bei allem doch nur um Fotonegative mit mehreren Belichtungen \u00fcbereinander, so dass weiche Umrisse, \u00dcberschneidungen und Unsch\u00e4rfen das Bild pr\u00e4gen, das auch in ein Positiv verwandelt werden k\u00f6nnte?<\/span><br \/><span>Die Kompositionen aus hellen und dunklen Massen, die erst mit Abstand an Gegenst\u00e4ndlichkeit gewinnen, erinnern an \u201eKlecksografien\u201c, eine Technik, die seit der Renaissance gezielt den Zufall nutzt, um spontan wirkende Bildkompositionen zu erzeugen.<\/span><br \/><span>\u00a0<\/span><br \/><span>Seit dem 18. Jahrhundert interpretierte man die anscheinend zuf\u00e4lligen Klecksformen als Ausdruck von seelischen Zust\u00e4nden. Gibt es hier einen Bezug zu den Texten der K\u00fcnstlerin?<\/span><br \/><span>Wie kann Kunst so viele Fragen aufwerfen? Nora Mona Bachs Landschaften enthalten R\u00e4tsel, welche sie uns lustvoll stellt. Ihre Landschaften sind vielschichtig: Nester und Gartenst\u00fccke mit zarten Zweigen und schwingenden Gr\u00e4sern, sich entwickelnden Bl\u00fcten und trockenen Bl\u00fctenst\u00e4nden. Seest\u00fccke mit Schilf an der Uferzone, Bl\u00e4tter treiben auf der Wasseroberfl\u00e4che. Im Unland, dem von Menschen verw\u00fcsteten, vielleicht durch eine Katastrophe verseuchtem Land, treibt die Grasnarbe bereits wieder aus. Egal, wie lange es dauert, aber auch nach einer Katastrophe wird sich wieder Leben entwickeln. Irgendetwas (ist) passiert, auch wenn man sich dessen nicht bewusst ist. Die Verwandlung geht weiter. Es ist wie mit der Kohle: So lange sie nicht fixiert ist, ist alles offen und komplett ver\u00e4nderbar.<\/span><br \/><span>Nora Mona Bach ist keine Esoterikerin, sondern eine kraftvolle K\u00fcnstlerin, die \u2013 dank ihrer Empathie und Phantasie \u2013 ein Gesp\u00fcr hat f\u00fcr die Energien von Orten, an denen menschliche oder nat\u00fcrliche Ereignisse stattfanden. Alles Geschehene lagert sich an einem Ort ab so wie in \u201eo.T. (Tatort V)\u201c die Erdschichten \u2013 bis Gras dar\u00fcber w\u00e4chst und es verdeckt. Es ist nicht mehr sichtbar, aber trotzdem passiert. In den Landschaften von Nora Mona Bach konzentriert sich die Vielfalt der Welt, Mikro- und Makrokosmos sind eng miteinander verwoben. Einige Bilder erinnern an Naturvorg\u00e4nge, zeigen das sich gerade Formende. M\u00f6chte diese Kunst wie Natur sein?<\/span><br \/><span>Aus sumpfigen Gebieten ragen vermodernde St\u00e4mme, Erdrutsche legen den Blick auf Schichtungen, Ablagerungen und ihre Einschl\u00fcsse frei, Lichterscheinungen beleuchten spotartig die Szenerien, geben kurzzeitig Einblicke frei, bevor die Dunkelheit die Landschaft wieder verschluckt. Die hier dargestellte Natur ist in Aufruhr, verw\u00fcstet, bedroht, abgr\u00fcndig, reich an Geheimnissen und Leben, das man entdecken kann, wenn man sich auf die Suche begibt. Bei Nora Mona Bach gibt es keinen Ort ohne Geschichte, keinen Ort ohne Tat. Jeder, der von ihr mit Kohlestaub erschaffenen Orte ist ein Tatort, der unsere Einbildungskraft befeuert.<\/span><br \/><span>\u00a0<\/span><br \/><span>Und ganz nebenbei: Das Feminine muss neu definiert werden, denn K\u00fcnstlerinnen wie Nora Mona Bach sind mit dem Nachtsichtger\u00e4t unterwegs.<\/span><br \/><span>\u00a0<\/span><br \/>Dr. Kristina Bake, Halle (Saale)<\/p>\",\r\n      \"align\": \"top\",\r\n      \"row\": 3,\r\n      \"col\": 3,\r\n      \"colspan\": 8,\r\n      \"offsetx\": 0,\r\n      \"offsety\": 0,\r\n      \"spaceabove\": 0,\r\n      \"spacebelow\": 0,\r\n      \"yvel\": 1,\r\n      \"push\": 3,\r\n      \"relid\": 7,\r\n      \"absolute_position\": false\r\n    },\r\n    {\r\n      \"type\": \"text\",\r\n      \"cont\": \"<p><a href=\\\"https:\/\/galerie-born.de\/nora-mona-bach\/\\\">Nora Mona Bach \u21d2<\/a><\/p>\",\r\n      \"align\": \"top\",\r\n      \"row\": 4,\r\n      \"col\": 3,\r\n      \"colspan\": 8,\r\n      \"offsetx\": 0,\r\n      \"offsety\": 0,\r\n      \"spaceabove\": 0,\r\n      \"spacebelow\": 0,\r\n      \"yvel\": 1,\r\n      \"push\": 3,\r\n      \"relid\": 4,\r\n      \"absolute_position\": false\r\n    }\r\n  ]\r\n}","phonegrid":"","_links":{"self":[{"href":"https:\/\/galerie-born.de\/en\/wp-json\/wp\/v2\/posts\/15131","targetHints":{"allow":["GET"]}}],"collection":[{"href":"https:\/\/galerie-born.de\/en\/wp-json\/wp\/v2\/posts"}],"about":[{"href":"https:\/\/galerie-born.de\/en\/wp-json\/wp\/v2\/types\/post"}],"author":[{"embeddable":true,"href":"https:\/\/galerie-born.de\/en\/wp-json\/wp\/v2\/users\/1"}],"replies":[{"embeddable":true,"href":"https:\/\/galerie-born.de\/en\/wp-json\/wp\/v2\/comments?post=15131"}],"version-history":[{"count":0,"href":"https:\/\/galerie-born.de\/en\/wp-json\/wp\/v2\/posts\/15131\/revisions"}],"wp:featuredmedia":[{"embeddable":true,"href":"https:\/\/galerie-born.de\/en\/wp-json\/wp\/v2\/media\/15133"}],"wp:attachment":[{"href":"https:\/\/galerie-born.de\/en\/wp-json\/wp\/v2\/media?parent=15131"}],"wp:term":[{"taxonomy":"category","embeddable":true,"href":"https:\/\/galerie-born.de\/en\/wp-json\/wp\/v2\/categories?post=15131"},{"taxonomy":"post_tag","embeddable":true,"href":"https:\/\/galerie-born.de\/en\/wp-json\/wp\/v2\/tags?post=15131"}],"curies":[{"name":"wp","href":"https:\/\/api.w.org\/{rel}","templated":true}]}}