{"id":15709,"date":"2015-10-31T10:18:44","date_gmt":"2015-10-31T10:18:44","guid":{"rendered":"https:\/\/galerie-born.de\/%e2%97%8f-berlindaniel-schlierkoepfe-fratzen-faxen28-9-20-11-2021-2\/"},"modified":"2022-11-12T11:37:34","modified_gmt":"2022-11-12T11:37:34","slug":"%e2%97%8f-berlindaniel-schliersteine-zum-keimen-bringen19-9-31-10-2015","status":"publish","type":"post","link":"https:\/\/galerie-born.de\/en\/%e2%97%8f-berlindaniel-schliersteine-zum-keimen-bringen19-9-31-10-2015\/","title":{"rendered":"\u25cf Berlin<br>Daniel Schlier<br><i>Steine zum Keimen bringen<\/i><br>19 September\u2009\u2013\u200931 October 2015"},"content":{"rendered":"","protected":false},"excerpt":{"rendered":"","protected":false},"author":1,"featured_media":15712,"comment_status":"closed","ping_status":"closed","sticky":false,"template":"","format":"standard","meta":[],"categories":[65,218],"tags":[],"class_list":["post-15709","post","type-post","status-publish","has-post-thumbnail","hentry","category-archiv","category-daniel-schlier-2015"],"yoast_head":"<!-- This site is optimized with the Yoast SEO plugin v27.5 - https:\/\/yoast.com\/product\/yoast-seo-wordpress\/ -->\n<title>\u25cf BerlinDaniel SchlierSteine zum Keimen bringen19 September\u2009\u2013\u200931 October 2015 - GALERIE BORN<\/title>\n<meta name=\"robots\" content=\"index, follow, max-snippet:-1, max-image-preview:large, max-video-preview:-1\" \/>\n<link rel=\"canonical\" href=\"https:\/\/galerie-born.de\/en\/\u25cf-berlindaniel-schliersteine-zum-keimen-bringen19-9-31-10-2015\/\" \/>\n<meta property=\"og:locale\" content=\"en_US\" \/>\n<meta property=\"og:type\" content=\"article\" \/>\n<meta property=\"og:title\" content=\"\u25cf BerlinDaniel SchlierSteine zum Keimen bringen19 September\u2009\u2013\u200931 October 2015 - GALERIE BORN\" \/>\n<meta property=\"og:url\" content=\"https:\/\/galerie-born.de\/en\/\u25cf-berlindaniel-schliersteine-zum-keimen-bringen19-9-31-10-2015\/\" \/>\n<meta property=\"og:site_name\" content=\"GALERIE BORN\" \/>\n<meta property=\"article:published_time\" content=\"2015-10-31T10:18:44+00:00\" \/>\n<meta property=\"article:modified_time\" content=\"2022-11-12T11:37:34+00:00\" \/>\n<meta property=\"og:image\" content=\"https:\/\/galerie-born.de\/wp-content\/uploads\/2015\/10\/09_Schlier_Archiv.jpeg\" \/>\n\t<meta property=\"og:image:width\" content=\"807\" \/>\n\t<meta property=\"og:image:height\" content=\"600\" \/>\n\t<meta property=\"og:image:type\" content=\"image\/jpeg\" \/>\n<meta name=\"author\" content=\"admin\" \/>\n<meta name=\"twitter:card\" content=\"summary_large_image\" \/>\n<meta name=\"twitter:label1\" content=\"Written by\" \/>\n\t<meta name=\"twitter:data1\" content=\"admin\" \/>\n<script type=\"application\/ld+json\" class=\"yoast-schema-graph\">{\"@context\":\"https:\\\/\\\/schema.org\",\"@graph\":[{\"@type\":\"Article\",\"@id\":\"https:\\\/\\\/galerie-born.de\\\/%e2%97%8f-berlindaniel-schliersteine-zum-keimen-bringen19-9-31-10-2015\\\/#article\",\"isPartOf\":{\"@id\":\"https:\\\/\\\/galerie-born.de\\\/%e2%97%8f-berlindaniel-schliersteine-zum-keimen-bringen19-9-31-10-2015\\\/\"},\"author\":{\"name\":\"admin\",\"@id\":\"https:\\\/\\\/galerie-born.de\\\/#\\\/schema\\\/person\\\/3f5bcaab814588d5c898904da4feccd7\"},\"headline\":\"\u25cf Berlin Daniel Schlier Steine zum Keimen bringen 19 September\u2009\u2013\u200931 October 2015\",\"datePublished\":\"2015-10-31T10:18:44+00:00\",\"dateModified\":\"2022-11-12T11:37:34+00:00\",\"mainEntityOfPage\":{\"@id\":\"https:\\\/\\\/galerie-born.de\\\/%e2%97%8f-berlindaniel-schliersteine-zum-keimen-bringen19-9-31-10-2015\\\/\"},\"wordCount\":16,\"publisher\":{\"@id\":\"https:\\\/\\\/galerie-born.de\\\/#organization\"},\"image\":{\"@id\":\"https:\\\/\\\/galerie-born.de\\\/%e2%97%8f-berlindaniel-schliersteine-zum-keimen-bringen19-9-31-10-2015\\\/#primaryimage\"},\"thumbnailUrl\":\"https:\\\/\\\/galerie-born.de\\\/wp-content\\\/uploads\\\/2015\\\/10\\\/09_Schlier_Archiv.jpeg\",\"articleSection\":[\"Archiv\",\"Daniel Schlier 2015\"],\"inLanguage\":\"en-US\"},{\"@type\":\"WebPage\",\"@id\":\"https:\\\/\\\/galerie-born.de\\\/en\\\/%e2%97%8f-berlindaniel-schliersteine-zum-keimen-bringen19-9-31-10-2015\\\/\",\"url\":\"https:\\\/\\\/galerie-born.de\\\/en\\\/%e2%97%8f-berlindaniel-schliersteine-zum-keimen-bringen19-9-31-10-2015\\\/\",\"name\":\"\u25cf Berlin Daniel Schlier Steine zum Keimen bringen 19 September\u2009\u2013\u200931 October 2015 - GALERIE BORN\",\"isPartOf\":{\"@id\":\"https:\\\/\\\/galerie-born.de\\\/en\\\/#website\"},\"primaryImageOfPage\":{\"@id\":\"https:\\\/\\\/galerie-born.de\\\/en\\\/%e2%97%8f-berlindaniel-schliersteine-zum-keimen-bringen19-9-31-10-2015\\\/#primaryimage\"},\"image\":{\"@id\":\"https:\\\/\\\/galerie-born.de\\\/%e2%97%8f-berlindaniel-schliersteine-zum-keimen-bringen19-9-31-10-2015\\\/#primaryimage\"},\"thumbnailUrl\":\"https:\\\/\\\/galerie-born.de\\\/wp-content\\\/uploads\\\/2015\\\/10\\\/09_Schlier_Archiv.jpeg\",\"datePublished\":\"2015-10-31T10:18:44+00:00\",\"dateModified\":\"2022-11-12T11:37:34+00:00\",\"breadcrumb\":{\"@id\":\"https:\\\/\\\/galerie-born.de\\\/en\\\/%e2%97%8f-berlindaniel-schliersteine-zum-keimen-bringen19-9-31-10-2015\\\/#breadcrumb\"},\"inLanguage\":\"en-US\",\"potentialAction\":[{\"@type\":\"ReadAction\",\"target\":[[\"https:\\\/\\\/galerie-born.de\\\/en\\\/%e2%97%8f-berlindaniel-schliersteine-zum-keimen-bringen19-9-31-10-2015\\\/\"]]}]},{\"@type\":\"ImageObject\",\"inLanguage\":\"en-US\",\"@id\":\"https:\\\/\\\/galerie-born.de\\\/en\\\/%e2%97%8f-berlindaniel-schliersteine-zum-keimen-bringen19-9-31-10-2015\\\/#primaryimage\",\"url\":\"https:\\\/\\\/galerie-born.de\\\/wp-content\\\/uploads\\\/2015\\\/10\\\/09_Schlier_Archiv.jpeg\",\"contentUrl\":\"https:\\\/\\\/galerie-born.de\\\/wp-content\\\/uploads\\\/2015\\\/10\\\/09_Schlier_Archiv.jpeg\",\"width\":807,\"height\":600},{\"@type\":\"BreadcrumbList\",\"@id\":\"https:\\\/\\\/galerie-born.de\\\/en\\\/%e2%97%8f-berlindaniel-schliersteine-zum-keimen-bringen19-9-31-10-2015\\\/#breadcrumb\",\"itemListElement\":[{\"@type\":\"ListItem\",\"position\":1,\"name\":\"Startseite\",\"item\":\"https:\\\/\\\/galerie-born.de\\\/en\\\/\"},{\"@type\":\"ListItem\",\"position\":2,\"name\":\"\u25cf BerlinDaniel SchlierSteine zum Keimen bringen19.9.\u2009\u2013\u200931.10.\u20092015\"}]},{\"@type\":\"WebSite\",\"@id\":\"https:\\\/\\\/galerie-born.de\\\/en\\\/#website\",\"url\":\"https:\\\/\\\/galerie-born.de\\\/en\\\/\",\"name\":\"GALERIE BORN\",\"description\":\"GALLERY BORN\",\"publisher\":{\"@id\":\"https:\\\/\\\/galerie-born.de\\\/en\\\/#organization\"},\"potentialAction\":[{\"@type\":\"SearchAction\",\"target\":{\"@type\":\"EntryPoint\",\"urlTemplate\":\"https:\\\/\\\/galerie-born.de\\\/en\\\/?s={search_term_string}\"},\"query-input\":{\"@type\":\"PropertyValueSpecification\",\"valueRequired\":true,\"valueName\":\"search_term_string\"}}],\"inLanguage\":\"en-US\"},{\"@type\":\"Organization\",\"@id\":\"https:\\\/\\\/galerie-born.de\\\/en\\\/#organization\",\"name\":\"GALERIE BORN\",\"url\":\"https:\\\/\\\/galerie-born.de\\\/en\\\/\",\"logo\":{\"@type\":\"ImageObject\",\"inLanguage\":\"en-US\",\"@id\":\"https:\\\/\\\/galerie-born.de\\\/en\\\/#\\\/schema\\\/logo\\\/image\\\/\",\"url\":\"https:\\\/\\\/galerie-born.de\\\/wp-content\\\/uploads\\\/2025\\\/10\\\/cropped-Galeri-born-favicon.png\",\"contentUrl\":\"https:\\\/\\\/galerie-born.de\\\/wp-content\\\/uploads\\\/2025\\\/10\\\/cropped-Galeri-born-favicon.png\",\"width\":512,\"height\":512,\"caption\":\"GALERIE BORN\"},\"image\":{\"@id\":\"https:\\\/\\\/galerie-born.de\\\/en\\\/#\\\/schema\\\/logo\\\/image\\\/\"}},{\"@type\":\"Person\",\"@id\":\"https:\\\/\\\/galerie-born.de\\\/#\\\/schema\\\/person\\\/3f5bcaab814588d5c898904da4feccd7\",\"name\":\"admin\",\"image\":{\"@type\":\"ImageObject\",\"inLanguage\":\"en-US\",\"@id\":\"https:\\\/\\\/secure.gravatar.com\\\/avatar\\\/b187a62584e89a20ee9c55ace28583ac9ff787a32e4ba5ca7712ac65a2c94143?s=96&d=mm&r=g\",\"url\":\"https:\\\/\\\/secure.gravatar.com\\\/avatar\\\/b187a62584e89a20ee9c55ace28583ac9ff787a32e4ba5ca7712ac65a2c94143?s=96&d=mm&r=g\",\"contentUrl\":\"https:\\\/\\\/secure.gravatar.com\\\/avatar\\\/b187a62584e89a20ee9c55ace28583ac9ff787a32e4ba5ca7712ac65a2c94143?s=96&d=mm&r=g\",\"caption\":\"admin\"},\"sameAs\":[\"http:\\\/\\\/galerie-born.de\"],\"url\":\"https:\\\/\\\/galerie-born.de\\\/en\\\/author\\\/admin\\\/\"}]}<\/script>\n<!-- \/ Yoast SEO plugin. -->","yoast_head_json":{"title":"\u25cf BerlinDaniel SchlierSteine zum Keimen bringen19 September\u2009\u2013\u200931 October 2015 - GALERIE BORN","robots":{"index":"index","follow":"follow","max-snippet":"max-snippet:-1","max-image-preview":"max-image-preview:large","max-video-preview":"max-video-preview:-1"},"canonical":"https:\/\/galerie-born.de\/en\/\u25cf-berlindaniel-schliersteine-zum-keimen-bringen19-9-31-10-2015\/","og_locale":"en_US","og_type":"article","og_title":"\u25cf BerlinDaniel SchlierSteine zum Keimen bringen19 September\u2009\u2013\u200931 October 2015 - GALERIE BORN","og_url":"https:\/\/galerie-born.de\/en\/\u25cf-berlindaniel-schliersteine-zum-keimen-bringen19-9-31-10-2015\/","og_site_name":"GALERIE BORN","article_published_time":"2015-10-31T10:18:44+00:00","article_modified_time":"2022-11-12T11:37:34+00:00","og_image":[{"width":807,"height":600,"url":"https:\/\/galerie-born.de\/wp-content\/uploads\/2015\/10\/09_Schlier_Archiv.jpeg","type":"image\/jpeg"}],"author":"admin","twitter_card":"summary_large_image","twitter_misc":{"Written by":"admin"},"schema":{"@context":"https:\/\/schema.org","@graph":[{"@type":"Article","@id":"https:\/\/galerie-born.de\/%e2%97%8f-berlindaniel-schliersteine-zum-keimen-bringen19-9-31-10-2015\/#article","isPartOf":{"@id":"https:\/\/galerie-born.de\/%e2%97%8f-berlindaniel-schliersteine-zum-keimen-bringen19-9-31-10-2015\/"},"author":{"name":"admin","@id":"https:\/\/galerie-born.de\/#\/schema\/person\/3f5bcaab814588d5c898904da4feccd7"},"headline":"\u25cf Berlin Daniel Schlier Steine zum Keimen bringen 19 September\u2009\u2013\u200931 October 2015","datePublished":"2015-10-31T10:18:44+00:00","dateModified":"2022-11-12T11:37:34+00:00","mainEntityOfPage":{"@id":"https:\/\/galerie-born.de\/%e2%97%8f-berlindaniel-schliersteine-zum-keimen-bringen19-9-31-10-2015\/"},"wordCount":16,"publisher":{"@id":"https:\/\/galerie-born.de\/#organization"},"image":{"@id":"https:\/\/galerie-born.de\/%e2%97%8f-berlindaniel-schliersteine-zum-keimen-bringen19-9-31-10-2015\/#primaryimage"},"thumbnailUrl":"https:\/\/galerie-born.de\/wp-content\/uploads\/2015\/10\/09_Schlier_Archiv.jpeg","articleSection":["Archiv","Daniel Schlier 2015"],"inLanguage":"en-US"},{"@type":"WebPage","@id":"https:\/\/galerie-born.de\/en\/%e2%97%8f-berlindaniel-schliersteine-zum-keimen-bringen19-9-31-10-2015\/","url":"https:\/\/galerie-born.de\/en\/%e2%97%8f-berlindaniel-schliersteine-zum-keimen-bringen19-9-31-10-2015\/","name":"\u25cf Berlin Daniel Schlier Steine zum Keimen bringen 19 September\u2009\u2013\u200931 October 2015 - GALERIE BORN","isPartOf":{"@id":"https:\/\/galerie-born.de\/en\/#website"},"primaryImageOfPage":{"@id":"https:\/\/galerie-born.de\/en\/%e2%97%8f-berlindaniel-schliersteine-zum-keimen-bringen19-9-31-10-2015\/#primaryimage"},"image":{"@id":"https:\/\/galerie-born.de\/%e2%97%8f-berlindaniel-schliersteine-zum-keimen-bringen19-9-31-10-2015\/#primaryimage"},"thumbnailUrl":"https:\/\/galerie-born.de\/wp-content\/uploads\/2015\/10\/09_Schlier_Archiv.jpeg","datePublished":"2015-10-31T10:18:44+00:00","dateModified":"2022-11-12T11:37:34+00:00","breadcrumb":{"@id":"https:\/\/galerie-born.de\/en\/%e2%97%8f-berlindaniel-schliersteine-zum-keimen-bringen19-9-31-10-2015\/#breadcrumb"},"inLanguage":"en-US","potentialAction":[{"@type":"ReadAction","target":[["https:\/\/galerie-born.de\/en\/%e2%97%8f-berlindaniel-schliersteine-zum-keimen-bringen19-9-31-10-2015\/"]]}]},{"@type":"ImageObject","inLanguage":"en-US","@id":"https:\/\/galerie-born.de\/en\/%e2%97%8f-berlindaniel-schliersteine-zum-keimen-bringen19-9-31-10-2015\/#primaryimage","url":"https:\/\/galerie-born.de\/wp-content\/uploads\/2015\/10\/09_Schlier_Archiv.jpeg","contentUrl":"https:\/\/galerie-born.de\/wp-content\/uploads\/2015\/10\/09_Schlier_Archiv.jpeg","width":807,"height":600},{"@type":"BreadcrumbList","@id":"https:\/\/galerie-born.de\/en\/%e2%97%8f-berlindaniel-schliersteine-zum-keimen-bringen19-9-31-10-2015\/#breadcrumb","itemListElement":[{"@type":"ListItem","position":1,"name":"Startseite","item":"https:\/\/galerie-born.de\/en\/"},{"@type":"ListItem","position":2,"name":"\u25cf BerlinDaniel SchlierSteine zum Keimen bringen19.9.\u2009\u2013\u200931.10.\u20092015"}]},{"@type":"WebSite","@id":"https:\/\/galerie-born.de\/en\/#website","url":"https:\/\/galerie-born.de\/en\/","name":"GALERIE BORN","description":"GALLERY BORN","publisher":{"@id":"https:\/\/galerie-born.de\/en\/#organization"},"potentialAction":[{"@type":"SearchAction","target":{"@type":"EntryPoint","urlTemplate":"https:\/\/galerie-born.de\/en\/?s={search_term_string}"},"query-input":{"@type":"PropertyValueSpecification","valueRequired":true,"valueName":"search_term_string"}}],"inLanguage":"en-US"},{"@type":"Organization","@id":"https:\/\/galerie-born.de\/en\/#organization","name":"GALERIE BORN","url":"https:\/\/galerie-born.de\/en\/","logo":{"@type":"ImageObject","inLanguage":"en-US","@id":"https:\/\/galerie-born.de\/en\/#\/schema\/logo\/image\/","url":"https:\/\/galerie-born.de\/wp-content\/uploads\/2025\/10\/cropped-Galeri-born-favicon.png","contentUrl":"https:\/\/galerie-born.de\/wp-content\/uploads\/2025\/10\/cropped-Galeri-born-favicon.png","width":512,"height":512,"caption":"GALERIE BORN"},"image":{"@id":"https:\/\/galerie-born.de\/en\/#\/schema\/logo\/image\/"}},{"@type":"Person","@id":"https:\/\/galerie-born.de\/#\/schema\/person\/3f5bcaab814588d5c898904da4feccd7","name":"admin","image":{"@type":"ImageObject","inLanguage":"en-US","@id":"https:\/\/secure.gravatar.com\/avatar\/b187a62584e89a20ee9c55ace28583ac9ff787a32e4ba5ca7712ac65a2c94143?s=96&d=mm&r=g","url":"https:\/\/secure.gravatar.com\/avatar\/b187a62584e89a20ee9c55ace28583ac9ff787a32e4ba5ca7712ac65a2c94143?s=96&d=mm&r=g","contentUrl":"https:\/\/secure.gravatar.com\/avatar\/b187a62584e89a20ee9c55ace28583ac9ff787a32e4ba5ca7712ac65a2c94143?s=96&d=mm&r=g","caption":"admin"},"sameAs":["http:\/\/galerie-born.de"],"url":"https:\/\/galerie-born.de\/en\/author\/admin\/"}]}},"grid":"{\r\n  \"colCount\": 12,\r\n  \"colGutter\": 1,\r\n  \"rowGutters\": [\r\n    3,\r\n    0.5,\r\n    3,\r\n    3\r\n  ],\r\n  \"frameMargin\": 5,\r\n  \"leftFrameMargin\": 1,\r\n  \"rightFrameMargin\": 1,\r\n  \"topFrameMargin\": 1,\r\n  \"bottomFrameMargin\": 10,\r\n  \"rowAttrs\": [\r\n    {},\r\n    {},\r\n    {},\r\n    {},\r\n    {}\r\n  ],\r\n  \"bgColor\": null,\r\n  \"cont\": [\r\n    {\r\n      \"type\": \"text\",\r\n      \"cont\": \"<p>\u25cf Berlin<\/p><p>Daniel Schlier<br \/><em>Steine zum Keimen bringen<\/em><br \/>19 September\u2009\u2013\u200931 October 2015<\/p>\",\r\n      \"align\": \"top\",\r\n      \"row\": 0,\r\n      \"col\": 3,\r\n      \"colspan\": 8,\r\n      \"offsetx\": 0,\r\n      \"offsety\": 0,\r\n      \"spaceabove\": 0,\r\n      \"spacebelow\": 0,\r\n      \"yvel\": 1,\r\n      \"push\": 3,\r\n      \"relid\": 387,\r\n      \"absolute_position\": false\r\n    },\r\n    {\r\n      \"type\": \"text\",\r\n      \"cont\": \"<p>Works<\/p>\",\r\n      \"align\": \"top\",\r\n      \"row\": 1,\r\n      \"col\": 3,\r\n      \"colspan\": 8,\r\n      \"offsetx\": 0,\r\n      \"offsety\": 0,\r\n      \"spaceabove\": 0,\r\n      \"spacebelow\": 0,\r\n      \"yvel\": 1,\r\n      \"push\": 3,\r\n      \"relid\": 6,\r\n      \"absolute_position\": false\r\n    },\r\n    {\r\n      \"type\": \"elementgrid\",\r\n      \"cont\": \"\",\r\n      \"align\": \"top\",\r\n      \"row\": 2,\r\n      \"col\": 3,\r\n      \"colspan\": 8,\r\n      \"offsetx\": 0,\r\n      \"offsety\": 0,\r\n      \"spaceabove\": 0,\r\n      \"spacebelow\": 0,\r\n      \"yvel\": 1,\r\n      \"push\": 3,\r\n      \"relid\": 419,\r\n      \"config\": {\r\n        \"desktop\": {\r\n          \"colCount\": 12,\r\n          \"colGutter\": 0.5,\r\n          \"rowGutter\": 0.5\r\n        },\r\n        \"tablet\": {\r\n          \"colCount\": 2,\r\n          \"colGutter\": 1,\r\n          \"rowGutter\": 1\r\n        },\r\n        \"phone\": {\r\n          \"colCount\": 1,\r\n          \"colGutter\": 1,\r\n          \"rowGutter\": 1\r\n        },\r\n        \"layoutType\": \"top-aligned\",\r\n        \"elements\": [\r\n          {\r\n            \"type\": \"img\",\r\n            \"attid\": 15713,\r\n            \"cont\": \"http:\/\/galerie-born.de\/wp-content\/uploads\/2015\/10\/Daniel-Schlier-Steine-zum-Keimen-bringen.jpeg\",\r\n            \"sizes\": {\r\n              \"full\": \"http:\/\/galerie-born.de\/wp-content\/uploads\/2015\/10\/Daniel-Schlier-Steine-zum-Keimen-bringen.jpeg\",\r\n              \"_1280\": \"http:\/\/galerie-born.de\/wp-content\/uploads\/2015\/10\/Daniel-Schlier-Steine-zum-Keimen-bringen-1280x1845.jpeg\",\r\n              \"_1024\": \"http:\/\/galerie-born.de\/wp-content\/uploads\/2015\/10\/Daniel-Schlier-Steine-zum-Keimen-bringen-1024x1476.jpeg\",\r\n              \"_768\": \"http:\/\/galerie-born.de\/wp-content\/uploads\/2015\/10\/Daniel-Schlier-Steine-zum-Keimen-bringen-768x1107.jpeg\",\r\n              \"_512\": \"http:\/\/galerie-born.de\/wp-content\/uploads\/2015\/10\/Daniel-Schlier-Steine-zum-Keimen-bringen-512x738.jpeg\",\r\n              \"_265\": \"http:\/\/galerie-born.de\/wp-content\/uploads\/2015\/10\/Daniel-Schlier-Steine-zum-Keimen-bringen-265x382.jpeg\"\r\n            },\r\n            \"w\": 1332,\r\n            \"h\": 1920,\r\n            \"ar\": 1.4414414414414414,\r\n            \"alt\": \"\"\r\n          },\r\n          {\r\n            \"type\": \"img\",\r\n            \"attid\": 15710,\r\n            \"cont\": \"http:\/\/galerie-born.de\/wp-content\/uploads\/2015\/10\/01_Schlier_Archiv.jpeg\",\r\n            \"sizes\": {\r\n              \"full\": \"http:\/\/galerie-born.de\/wp-content\/uploads\/2015\/10\/01_Schlier_Archiv.jpeg\",\r\n              \"_768\": \"http:\/\/galerie-born.de\/wp-content\/uploads\/2015\/10\/01_Schlier_Archiv-768x513.jpeg\",\r\n              \"_512\": \"http:\/\/galerie-born.de\/wp-content\/uploads\/2015\/10\/01_Schlier_Archiv-512x342.jpeg\",\r\n              \"_265\": \"http:\/\/galerie-born.de\/wp-content\/uploads\/2015\/10\/01_Schlier_Archiv-265x177.jpeg\"\r\n            },\r\n            \"w\": 898,\r\n            \"h\": 600,\r\n            \"ar\": 0.6681514476614699,\r\n            \"alt\": \"\",\r\n            \"lightbox_caption\": \"<p class=\\\"_BU\\\">Daniel Schlier \u2013 Elefant und H\u00e4nde, 2015, Acryl, \u00d6l, Glasperlen, M\u00fcnze auf Marinade, 40 x 60 cm<\/p>\"\r\n          },\r\n          {\r\n            \"type\": \"img\",\r\n            \"attid\": 13787,\r\n            \"cont\": \"http:\/\/galerie-born.de\/wp-content\/uploads\/2022\/06\/14_Schlier.jpg\",\r\n            \"sizes\": {\r\n              \"full\": \"http:\/\/galerie-born.de\/wp-content\/uploads\/2022\/06\/14_Schlier.jpg\",\r\n              \"_768\": \"http:\/\/galerie-born.de\/wp-content\/uploads\/2022\/06\/14_Schlier-768x575.jpg\",\r\n              \"_512\": \"http:\/\/galerie-born.de\/wp-content\/uploads\/2022\/06\/14_Schlier-512x384.jpg\",\r\n              \"_265\": \"http:\/\/galerie-born.de\/wp-content\/uploads\/2022\/06\/14_Schlier-265x199.jpg\"\r\n            },\r\n            \"w\": 801,\r\n            \"h\": 600,\r\n            \"ar\": 0.7490636704119851,\r\n            \"alt\": \"\",\r\n            \"lightbox_caption\": \"<p class=\\\"_BU\\\">Daniel Schlier \u2013 Paysage II (Deucalion et Pyrrha), 2014, \u00d6l auf Marinace, 45 x 60 cm<\/p>\"\r\n          },\r\n          {\r\n            \"type\": \"img\",\r\n            \"attid\": 13788,\r\n            \"cont\": \"http:\/\/galerie-born.de\/wp-content\/uploads\/2022\/06\/15_Schlier.jpg\",\r\n            \"sizes\": {\r\n              \"full\": \"http:\/\/galerie-born.de\/wp-content\/uploads\/2022\/06\/15_Schlier.jpg\",\r\n              \"_768\": \"http:\/\/galerie-born.de\/wp-content\/uploads\/2022\/06\/15_Schlier-768x563.jpg\",\r\n              \"_512\": \"http:\/\/galerie-born.de\/wp-content\/uploads\/2022\/06\/15_Schlier-512x376.jpg\",\r\n              \"_265\": \"http:\/\/galerie-born.de\/wp-content\/uploads\/2022\/06\/15_Schlier-265x194.jpg\"\r\n            },\r\n            \"w\": 818,\r\n            \"h\": 600,\r\n            \"ar\": 0.7334963325183375,\r\n            \"alt\": \"\",\r\n            \"lightbox_caption\": \"<p class=\\\"_BU\\\">Daniel Schlier \u2013 Auf der Hut, 2015, \u00d6l, Blattgold, M\u00fcnzen, Haare auf Marmor, 44 x 60 cm<\/p>\"\r\n          },\r\n          {\r\n            \"type\": \"img\",\r\n            \"attid\": 13955,\r\n            \"cont\": \"http:\/\/galerie-born.de\/wp-content\/uploads\/2017\/09\/Schlier_1.jpg\",\r\n            \"sizes\": {\r\n              \"full\": \"http:\/\/galerie-born.de\/wp-content\/uploads\/2017\/09\/Schlier_1.jpg\",\r\n              \"_768\": \"http:\/\/galerie-born.de\/wp-content\/uploads\/2017\/09\/Schlier_1-768x575.jpg\",\r\n              \"_512\": \"http:\/\/galerie-born.de\/wp-content\/uploads\/2017\/09\/Schlier_1-512x384.jpg\",\r\n              \"_265\": \"http:\/\/galerie-born.de\/wp-content\/uploads\/2017\/09\/Schlier_1-265x199.jpg\"\r\n            },\r\n            \"w\": 801,\r\n            \"h\": 600,\r\n            \"ar\": 0.7490636704119851,\r\n            \"alt\": \"\",\r\n            \"lightbox_caption\": \"<p class=\\\"_BU\\\">Daniel Schlier \u2013 Nocturne avec Europe, 2014, Acryl, \u00d6l, Glasperlen, Haare auf Marmor, 45 x 60 cm<\/p>\"\r\n          },\r\n          {\r\n            \"type\": \"img\",\r\n            \"attid\": 13790,\r\n            \"cont\": \"http:\/\/galerie-born.de\/wp-content\/uploads\/2022\/06\/17_Schlier-1.jpg\",\r\n            \"sizes\": {\r\n              \"full\": \"http:\/\/galerie-born.de\/wp-content\/uploads\/2022\/06\/17_Schlier-1.jpg\",\r\n              \"_512\": \"http:\/\/galerie-born.de\/wp-content\/uploads\/2022\/06\/17_Schlier-1-512x456.jpg\",\r\n              \"_265\": \"http:\/\/galerie-born.de\/wp-content\/uploads\/2022\/06\/17_Schlier-1-265x236.jpg\"\r\n            },\r\n            \"w\": 674,\r\n            \"h\": 600,\r\n            \"ar\": 0.8902077151335311,\r\n            \"alt\": \"\",\r\n            \"lightbox_caption\": \"<p class=\\\"_BU\\\">Daniel Schlier \u2013 Hirsch r\u00f6hrend (nach links), 2015, \u00d6l, Blattgold auf Marmor, 34 x 60 cm<\/p>\"\r\n          },\r\n          {\r\n            \"type\": \"img\",\r\n            \"attid\": 15711,\r\n            \"cont\": \"http:\/\/galerie-born.de\/wp-content\/uploads\/2015\/10\/06_Schlier_Archiv.jpeg\",\r\n            \"sizes\": {\r\n              \"full\": \"http:\/\/galerie-born.de\/wp-content\/uploads\/2015\/10\/06_Schlier_Archiv.jpeg\",\r\n              \"_768\": \"http:\/\/galerie-born.de\/wp-content\/uploads\/2015\/10\/06_Schlier_Archiv-768x572.jpeg\",\r\n              \"_512\": \"http:\/\/galerie-born.de\/wp-content\/uploads\/2015\/10\/06_Schlier_Archiv-512x381.jpeg\",\r\n              \"_265\": \"http:\/\/galerie-born.de\/wp-content\/uploads\/2015\/10\/06_Schlier_Archiv-265x197.jpeg\"\r\n            },\r\n            \"w\": 806,\r\n            \"h\": 600,\r\n            \"ar\": 0.7444168734491315,\r\n            \"alt\": \"\",\r\n            \"lightbox_caption\": \"<p class=\\\"_BU\\\">Daniel Schlier \u2013 Na\u00dfhorn messen, 2015, \u00d6l, Acryl auf Marinade, 30 x 40 cm<\/p>\"\r\n          },\r\n          {\r\n            \"type\": \"img\",\r\n            \"attid\": 13792,\r\n            \"cont\": \"http:\/\/galerie-born.de\/wp-content\/uploads\/2022\/06\/19_Schlier.jpg\",\r\n            \"sizes\": {\r\n              \"full\": \"http:\/\/galerie-born.de\/wp-content\/uploads\/2022\/06\/19_Schlier.jpg\",\r\n              \"_768\": \"http:\/\/galerie-born.de\/wp-content\/uploads\/2022\/06\/19_Schlier-768x563.jpg\",\r\n              \"_512\": \"http:\/\/galerie-born.de\/wp-content\/uploads\/2022\/06\/19_Schlier-512x375.jpg\",\r\n              \"_265\": \"http:\/\/galerie-born.de\/wp-content\/uploads\/2022\/06\/19_Schlier-265x194.jpg\"\r\n            },\r\n            \"w\": 819,\r\n            \"h\": 600,\r\n            \"ar\": 0.7326007326007326,\r\n            \"alt\": \"\",\r\n            \"lightbox_caption\": \"<p class=\\\"_BU\\\">Daniel Schlier \u2013 Vom Berg getrennt, 2015, \u00d6l, Blattgold auf Marmor, 44 x 60 cm<\/p>\"\r\n          },\r\n          {\r\n            \"type\": \"img\",\r\n            \"attid\": 13793,\r\n            \"cont\": \"http:\/\/galerie-born.de\/wp-content\/uploads\/2022\/06\/20_Schlier.jpg\",\r\n            \"sizes\": {\r\n              \"full\": \"http:\/\/galerie-born.de\/wp-content\/uploads\/2022\/06\/20_Schlier.jpg\",\r\n              \"_768\": \"http:\/\/galerie-born.de\/wp-content\/uploads\/2022\/06\/20_Schlier-768x528.jpg\",\r\n              \"_512\": \"http:\/\/galerie-born.de\/wp-content\/uploads\/2022\/06\/20_Schlier-512x352.jpg\",\r\n              \"_265\": \"http:\/\/galerie-born.de\/wp-content\/uploads\/2022\/06\/20_Schlier-265x182.jpg\"\r\n            },\r\n            \"w\": 873,\r\n            \"h\": 600,\r\n            \"ar\": 0.6872852233676976,\r\n            \"alt\": \"\",\r\n            \"lightbox_caption\": \"<p class=\\\"_BU\\\">Daniel Schlier \u2013 Rosier sec et vert, 2014, \u00d6l, Blattgold auf Marmor, 29 x 42 cm<\/p>\"\r\n          },\r\n          {\r\n            \"type\": \"img\",\r\n            \"attid\": 15712,\r\n            \"cont\": \"http:\/\/galerie-born.de\/wp-content\/uploads\/2015\/10\/09_Schlier_Archiv.jpeg\",\r\n            \"sizes\": {\r\n              \"full\": \"http:\/\/galerie-born.de\/wp-content\/uploads\/2015\/10\/09_Schlier_Archiv.jpeg\",\r\n              \"_768\": \"http:\/\/galerie-born.de\/wp-content\/uploads\/2015\/10\/09_Schlier_Archiv-768x571.jpeg\",\r\n              \"_512\": \"http:\/\/galerie-born.de\/wp-content\/uploads\/2015\/10\/09_Schlier_Archiv-512x381.jpeg\",\r\n              \"_265\": \"http:\/\/galerie-born.de\/wp-content\/uploads\/2015\/10\/09_Schlier_Archiv-265x197.jpeg\"\r\n            },\r\n            \"w\": 807,\r\n            \"h\": 600,\r\n            \"ar\": 0.7434944237918215,\r\n            \"alt\": \"\",\r\n            \"lightbox_caption\": \"<p class=\\\"_BU\\\">Daniel Schlier \u2013 Eidechsenangriff im Haarregen, 2014, Acryl, \u00d6l, Glasperlen, Haare auf Marmor, 30 x 40 cm<\/p>\"\r\n          }\r\n        ],\r\n        \"addtostart\": false,\r\n        \"gutterMu\": \"%\"\r\n      },\r\n      \"absolute_position\": false\r\n    },\r\n    {\r\n      \"type\": \"text\",\r\n      \"cont\": \"<p class=\\\"_Default\\\">Making stones sprout<\/p><p class=\\\"_Thumbnail\\\"><span class=\\\"textbody\\\">I try to paint clear pictures, so clear that they appear strange. The visual experience of simple things that are easy to depict becoming unsettling, so that a description of the picture in words is impossible. One wants to place the whole world in a picture, but ultimately one has to restrict oneself to just two or three things. It is difficult to cope with this freedom! And if one wants to play the game one has to select costumes: armour, elephants, mountains, cows and much more.<br \/>But this iconography is relatively limited. All these mountains, trees, grotesque signs, animals, colours and materials are doors.<br \/>They are part of a common language. Everyone knows a cow, a mountain or hair inserted in color.<br \/>They enable contact to be made to the viewer, precisely this clarity that I spoke about. They are not metaphors or symbols. They have, without doubt, a sense, a meaning, but what interests me most of all is the ability to stimulate the imaginary. They are almost always forms without temporal reference, they are not from any particular epoch or culture.<br \/>The bestiary is omnipresent: trees, mountains, as well as human figures.<br \/>What is special about the slabs of marble, as I mentioned, is that they carry these traces of nature. They are not neutral. Reacting to the veins in the marble \u2013 like a \\\"daubography\\\" exercise or when playing with the Rorschach test \u2013 doesn't interest me, I consider this to be exhausted. I prefer a softer approach, a layering. What the marble suggests is more like a form of attraction, the possibility of answering with painting. Sometimes it takes a long time until something emerges, each slab is unique.<br \/>I find the majority of themes in earlier pictures, however, this new carrier forces a crystallisation, the forms are frozen. As the background is highly dynamic a boundary is required in order to find a balance. Sometimes it feels like I am playing chamber music: using instruments and codified forms to find new answers. One can't always say the same thing with the same tone, making art also means variation. It is a means of tuning the eyes like instruments.<br \/>\u00a0<br \/>Daniel Schlier in conversation with painter Michael Anders<\/span><\/p>\",\r\n      \"align\": \"top\",\r\n      \"row\": 3,\r\n      \"col\": 3,\r\n      \"colspan\": 8,\r\n      \"offsetx\": 0,\r\n      \"offsety\": 0,\r\n      \"spaceabove\": 0,\r\n      \"spacebelow\": 0,\r\n      \"yvel\": 1,\r\n      \"push\": 3,\r\n      \"relid\": 4,\r\n      \"absolute_position\": false\r\n    },\r\n    {\r\n      \"type\": \"text\",\r\n      \"cont\": \"<p><a href=\\\"https:\/\/galerie-born.de\/daniel-schlier\/\\\" data-type=\\\"project\\\" data-id=\\\"13197\\\" data-title=\\\"Nora Mona Bach\\\" data-catid=\\\"[61]\\\">Daniel Schlier \u21d2<\/a><\/p>\",\r\n      \"align\": \"top\",\r\n      \"row\": 4,\r\n      \"col\": 3,\r\n      \"colspan\": 8,\r\n      \"offsetx\": 0,\r\n      \"offsety\": 0,\r\n      \"spaceabove\": 0,\r\n      \"spacebelow\": 0,\r\n      \"yvel\": 1,\r\n      \"push\": 3,\r\n      \"relid\": 8,\r\n      \"absolute_position\": false\r\n    }\r\n  ]\r\n}","phonegrid":"","_links":{"self":[{"href":"https:\/\/galerie-born.de\/en\/wp-json\/wp\/v2\/posts\/15709","targetHints":{"allow":["GET"]}}],"collection":[{"href":"https:\/\/galerie-born.de\/en\/wp-json\/wp\/v2\/posts"}],"about":[{"href":"https:\/\/galerie-born.de\/en\/wp-json\/wp\/v2\/types\/post"}],"author":[{"embeddable":true,"href":"https:\/\/galerie-born.de\/en\/wp-json\/wp\/v2\/users\/1"}],"replies":[{"embeddable":true,"href":"https:\/\/galerie-born.de\/en\/wp-json\/wp\/v2\/comments?post=15709"}],"version-history":[{"count":0,"href":"https:\/\/galerie-born.de\/en\/wp-json\/wp\/v2\/posts\/15709\/revisions"}],"wp:featuredmedia":[{"embeddable":true,"href":"https:\/\/galerie-born.de\/en\/wp-json\/wp\/v2\/media\/15712"}],"wp:attachment":[{"href":"https:\/\/galerie-born.de\/en\/wp-json\/wp\/v2\/media?parent=15709"}],"wp:term":[{"taxonomy":"category","embeddable":true,"href":"https:\/\/galerie-born.de\/en\/wp-json\/wp\/v2\/categories?post=15709"},{"taxonomy":"post_tag","embeddable":true,"href":"https:\/\/galerie-born.de\/en\/wp-json\/wp\/v2\/tags?post=15709"}],"curies":[{"name":"wp","href":"https:\/\/api.w.org\/{rel}","templated":true}]}}