{"id":16826,"date":"2023-10-29T11:24:33","date_gmt":"2023-10-29T11:24:33","guid":{"rendered":"https:\/\/galerie-born.de\/biene-feld-gruen-ist-blau-2\/"},"modified":"2024-06-21T15:39:12","modified_gmt":"2024-06-21T15:39:12","slug":"strawalde-wahlverwandtschaften","status":"publish","type":"post","link":"https:\/\/galerie-born.de\/en\/strawalde-wahlverwandtschaften\/","title":{"rendered":"Strawalde<br><i>Wahlverwandtschaften<\/i><br>9.9.\u201329.10.2023"},"content":{"rendered":"","protected":false},"excerpt":{"rendered":"","protected":false},"author":1,"featured_media":16827,"comment_status":"closed","ping_status":"closed","sticky":false,"template":"","format":"standard","meta":[],"categories":[65,514],"tags":[],"class_list":["post-16826","post","type-post","status-publish","has-post-thumbnail","hentry","category-archiv","category-strawalde-wahlverwandtschaften-2023"],"yoast_head":"<!-- This site is optimized with the Yoast SEO plugin v27.5 - https:\/\/yoast.com\/product\/yoast-seo-wordpress\/ -->\n<title>StrawaldeWahlverwandtschaften9.9.\u201329.10.2023 - GALERIE BORN<\/title>\n<meta name=\"robots\" content=\"index, follow, max-snippet:-1, max-image-preview:large, max-video-preview:-1\" \/>\n<link rel=\"canonical\" href=\"https:\/\/galerie-born.de\/en\/strawalde-wahlverwandtschaften\/\" \/>\n<meta property=\"og:locale\" content=\"en_US\" \/>\n<meta property=\"og:type\" content=\"article\" \/>\n<meta property=\"og:title\" content=\"StrawaldeWahlverwandtschaften9.9.\u201329.10.2023 - GALERIE BORN\" \/>\n<meta property=\"og:url\" content=\"https:\/\/galerie-born.de\/en\/strawalde-wahlverwandtschaften\/\" \/>\n<meta property=\"og:site_name\" content=\"GALERIE BORN\" \/>\n<meta property=\"article:published_time\" content=\"2023-10-29T11:24:33+00:00\" \/>\n<meta property=\"article:modified_time\" content=\"2024-06-21T15:39:12+00:00\" \/>\n<meta property=\"og:image\" content=\"https:\/\/galerie-born.de\/wp-content\/uploads\/2023\/08\/Strawalde-Wahlverwandtschaften-Thumb.jpg\" \/>\n\t<meta property=\"og:image:width\" content=\"1200\" \/>\n\t<meta property=\"og:image:height\" content=\"803\" \/>\n\t<meta property=\"og:image:type\" content=\"image\/jpeg\" \/>\n<meta name=\"author\" content=\"admin\" \/>\n<meta name=\"twitter:card\" content=\"summary_large_image\" \/>\n<meta name=\"twitter:label1\" content=\"Written by\" \/>\n\t<meta name=\"twitter:data1\" content=\"admin\" \/>\n<script type=\"application\/ld+json\" class=\"yoast-schema-graph\">{\"@context\":\"https:\\\/\\\/schema.org\",\"@graph\":[{\"@type\":\"Article\",\"@id\":\"https:\\\/\\\/galerie-born.de\\\/strawalde-wahlverwandtschaften\\\/#article\",\"isPartOf\":{\"@id\":\"https:\\\/\\\/galerie-born.de\\\/strawalde-wahlverwandtschaften\\\/\"},\"author\":{\"name\":\"admin\",\"@id\":\"https:\\\/\\\/galerie-born.de\\\/#\\\/schema\\\/person\\\/3f5bcaab814588d5c898904da4feccd7\"},\"headline\":\"Strawalde Wahlverwandtschaften 9.9.\u201329.10.2023\",\"datePublished\":\"2023-10-29T11:24:33+00:00\",\"dateModified\":\"2024-06-21T15:39:12+00:00\",\"mainEntityOfPage\":{\"@id\":\"https:\\\/\\\/galerie-born.de\\\/strawalde-wahlverwandtschaften\\\/\"},\"wordCount\":2,\"publisher\":{\"@id\":\"https:\\\/\\\/galerie-born.de\\\/#organization\"},\"image\":{\"@id\":\"https:\\\/\\\/galerie-born.de\\\/strawalde-wahlverwandtschaften\\\/#primaryimage\"},\"thumbnailUrl\":\"https:\\\/\\\/galerie-born.de\\\/wp-content\\\/uploads\\\/2023\\\/08\\\/Strawalde-Wahlverwandtschaften-Thumb.jpg\",\"articleSection\":[\"Archiv\",\"Strawalde Wahlverwandtschaften 2023\"],\"inLanguage\":\"en-US\"},{\"@type\":\"WebPage\",\"@id\":\"https:\\\/\\\/galerie-born.de\\\/en\\\/strawalde-wahlverwandtschaften\\\/\",\"url\":\"https:\\\/\\\/galerie-born.de\\\/en\\\/strawalde-wahlverwandtschaften\\\/\",\"name\":\"Strawalde Wahlverwandtschaften 9.9.\u201329.10.2023 - GALERIE BORN\",\"isPartOf\":{\"@id\":\"https:\\\/\\\/galerie-born.de\\\/en\\\/#website\"},\"primaryImageOfPage\":{\"@id\":\"https:\\\/\\\/galerie-born.de\\\/en\\\/strawalde-wahlverwandtschaften\\\/#primaryimage\"},\"image\":{\"@id\":\"https:\\\/\\\/galerie-born.de\\\/strawalde-wahlverwandtschaften\\\/#primaryimage\"},\"thumbnailUrl\":\"https:\\\/\\\/galerie-born.de\\\/wp-content\\\/uploads\\\/2023\\\/08\\\/Strawalde-Wahlverwandtschaften-Thumb.jpg\",\"datePublished\":\"2023-10-29T11:24:33+00:00\",\"dateModified\":\"2024-06-21T15:39:12+00:00\",\"breadcrumb\":{\"@id\":\"https:\\\/\\\/galerie-born.de\\\/en\\\/strawalde-wahlverwandtschaften\\\/#breadcrumb\"},\"inLanguage\":\"en-US\",\"potentialAction\":[{\"@type\":\"ReadAction\",\"target\":[[\"https:\\\/\\\/galerie-born.de\\\/en\\\/strawalde-wahlverwandtschaften\\\/\"]]}]},{\"@type\":\"ImageObject\",\"inLanguage\":\"en-US\",\"@id\":\"https:\\\/\\\/galerie-born.de\\\/en\\\/strawalde-wahlverwandtschaften\\\/#primaryimage\",\"url\":\"https:\\\/\\\/galerie-born.de\\\/wp-content\\\/uploads\\\/2023\\\/08\\\/Strawalde-Wahlverwandtschaften-Thumb.jpg\",\"contentUrl\":\"https:\\\/\\\/galerie-born.de\\\/wp-content\\\/uploads\\\/2023\\\/08\\\/Strawalde-Wahlverwandtschaften-Thumb.jpg\",\"width\":1200,\"height\":803},{\"@type\":\"BreadcrumbList\",\"@id\":\"https:\\\/\\\/galerie-born.de\\\/en\\\/strawalde-wahlverwandtschaften\\\/#breadcrumb\",\"itemListElement\":[{\"@type\":\"ListItem\",\"position\":1,\"name\":\"Startseite\",\"item\":\"https:\\\/\\\/galerie-born.de\\\/en\\\/\"},{\"@type\":\"ListItem\",\"position\":2,\"name\":\"StrawaldeWahlverwandtschaften9.9.\u201329.10.2023\"}]},{\"@type\":\"WebSite\",\"@id\":\"https:\\\/\\\/galerie-born.de\\\/en\\\/#website\",\"url\":\"https:\\\/\\\/galerie-born.de\\\/en\\\/\",\"name\":\"GALERIE BORN\",\"description\":\"GALLERY BORN\",\"publisher\":{\"@id\":\"https:\\\/\\\/galerie-born.de\\\/en\\\/#organization\"},\"potentialAction\":[{\"@type\":\"SearchAction\",\"target\":{\"@type\":\"EntryPoint\",\"urlTemplate\":\"https:\\\/\\\/galerie-born.de\\\/en\\\/?s={search_term_string}\"},\"query-input\":{\"@type\":\"PropertyValueSpecification\",\"valueRequired\":true,\"valueName\":\"search_term_string\"}}],\"inLanguage\":\"en-US\"},{\"@type\":\"Organization\",\"@id\":\"https:\\\/\\\/galerie-born.de\\\/en\\\/#organization\",\"name\":\"GALERIE BORN\",\"url\":\"https:\\\/\\\/galerie-born.de\\\/en\\\/\",\"logo\":{\"@type\":\"ImageObject\",\"inLanguage\":\"en-US\",\"@id\":\"https:\\\/\\\/galerie-born.de\\\/en\\\/#\\\/schema\\\/logo\\\/image\\\/\",\"url\":\"https:\\\/\\\/galerie-born.de\\\/wp-content\\\/uploads\\\/2025\\\/10\\\/cropped-Galeri-born-favicon.png\",\"contentUrl\":\"https:\\\/\\\/galerie-born.de\\\/wp-content\\\/uploads\\\/2025\\\/10\\\/cropped-Galeri-born-favicon.png\",\"width\":512,\"height\":512,\"caption\":\"GALERIE BORN\"},\"image\":{\"@id\":\"https:\\\/\\\/galerie-born.de\\\/en\\\/#\\\/schema\\\/logo\\\/image\\\/\"}},{\"@type\":\"Person\",\"@id\":\"https:\\\/\\\/galerie-born.de\\\/#\\\/schema\\\/person\\\/3f5bcaab814588d5c898904da4feccd7\",\"name\":\"admin\",\"image\":{\"@type\":\"ImageObject\",\"inLanguage\":\"en-US\",\"@id\":\"https:\\\/\\\/secure.gravatar.com\\\/avatar\\\/b187a62584e89a20ee9c55ace28583ac9ff787a32e4ba5ca7712ac65a2c94143?s=96&d=mm&r=g\",\"url\":\"https:\\\/\\\/secure.gravatar.com\\\/avatar\\\/b187a62584e89a20ee9c55ace28583ac9ff787a32e4ba5ca7712ac65a2c94143?s=96&d=mm&r=g\",\"contentUrl\":\"https:\\\/\\\/secure.gravatar.com\\\/avatar\\\/b187a62584e89a20ee9c55ace28583ac9ff787a32e4ba5ca7712ac65a2c94143?s=96&d=mm&r=g\",\"caption\":\"admin\"},\"sameAs\":[\"http:\\\/\\\/galerie-born.de\"],\"url\":\"https:\\\/\\\/galerie-born.de\\\/en\\\/author\\\/admin\\\/\"}]}<\/script>\n<!-- \/ Yoast SEO plugin. -->","yoast_head_json":{"title":"StrawaldeWahlverwandtschaften9.9.\u201329.10.2023 - GALERIE BORN","robots":{"index":"index","follow":"follow","max-snippet":"max-snippet:-1","max-image-preview":"max-image-preview:large","max-video-preview":"max-video-preview:-1"},"canonical":"https:\/\/galerie-born.de\/en\/strawalde-wahlverwandtschaften\/","og_locale":"en_US","og_type":"article","og_title":"StrawaldeWahlverwandtschaften9.9.\u201329.10.2023 - GALERIE BORN","og_url":"https:\/\/galerie-born.de\/en\/strawalde-wahlverwandtschaften\/","og_site_name":"GALERIE BORN","article_published_time":"2023-10-29T11:24:33+00:00","article_modified_time":"2024-06-21T15:39:12+00:00","og_image":[{"width":1200,"height":803,"url":"https:\/\/galerie-born.de\/wp-content\/uploads\/2023\/08\/Strawalde-Wahlverwandtschaften-Thumb.jpg","type":"image\/jpeg"}],"author":"admin","twitter_card":"summary_large_image","twitter_misc":{"Written by":"admin"},"schema":{"@context":"https:\/\/schema.org","@graph":[{"@type":"Article","@id":"https:\/\/galerie-born.de\/strawalde-wahlverwandtschaften\/#article","isPartOf":{"@id":"https:\/\/galerie-born.de\/strawalde-wahlverwandtschaften\/"},"author":{"name":"admin","@id":"https:\/\/galerie-born.de\/#\/schema\/person\/3f5bcaab814588d5c898904da4feccd7"},"headline":"Strawalde Wahlverwandtschaften 9.9.\u201329.10.2023","datePublished":"2023-10-29T11:24:33+00:00","dateModified":"2024-06-21T15:39:12+00:00","mainEntityOfPage":{"@id":"https:\/\/galerie-born.de\/strawalde-wahlverwandtschaften\/"},"wordCount":2,"publisher":{"@id":"https:\/\/galerie-born.de\/#organization"},"image":{"@id":"https:\/\/galerie-born.de\/strawalde-wahlverwandtschaften\/#primaryimage"},"thumbnailUrl":"https:\/\/galerie-born.de\/wp-content\/uploads\/2023\/08\/Strawalde-Wahlverwandtschaften-Thumb.jpg","articleSection":["Archiv","Strawalde Wahlverwandtschaften 2023"],"inLanguage":"en-US"},{"@type":"WebPage","@id":"https:\/\/galerie-born.de\/en\/strawalde-wahlverwandtschaften\/","url":"https:\/\/galerie-born.de\/en\/strawalde-wahlverwandtschaften\/","name":"Strawalde Wahlverwandtschaften 9.9.\u201329.10.2023 - GALERIE BORN","isPartOf":{"@id":"https:\/\/galerie-born.de\/en\/#website"},"primaryImageOfPage":{"@id":"https:\/\/galerie-born.de\/en\/strawalde-wahlverwandtschaften\/#primaryimage"},"image":{"@id":"https:\/\/galerie-born.de\/strawalde-wahlverwandtschaften\/#primaryimage"},"thumbnailUrl":"https:\/\/galerie-born.de\/wp-content\/uploads\/2023\/08\/Strawalde-Wahlverwandtschaften-Thumb.jpg","datePublished":"2023-10-29T11:24:33+00:00","dateModified":"2024-06-21T15:39:12+00:00","breadcrumb":{"@id":"https:\/\/galerie-born.de\/en\/strawalde-wahlverwandtschaften\/#breadcrumb"},"inLanguage":"en-US","potentialAction":[{"@type":"ReadAction","target":[["https:\/\/galerie-born.de\/en\/strawalde-wahlverwandtschaften\/"]]}]},{"@type":"ImageObject","inLanguage":"en-US","@id":"https:\/\/galerie-born.de\/en\/strawalde-wahlverwandtschaften\/#primaryimage","url":"https:\/\/galerie-born.de\/wp-content\/uploads\/2023\/08\/Strawalde-Wahlverwandtschaften-Thumb.jpg","contentUrl":"https:\/\/galerie-born.de\/wp-content\/uploads\/2023\/08\/Strawalde-Wahlverwandtschaften-Thumb.jpg","width":1200,"height":803},{"@type":"BreadcrumbList","@id":"https:\/\/galerie-born.de\/en\/strawalde-wahlverwandtschaften\/#breadcrumb","itemListElement":[{"@type":"ListItem","position":1,"name":"Startseite","item":"https:\/\/galerie-born.de\/en\/"},{"@type":"ListItem","position":2,"name":"StrawaldeWahlverwandtschaften9.9.\u201329.10.2023"}]},{"@type":"WebSite","@id":"https:\/\/galerie-born.de\/en\/#website","url":"https:\/\/galerie-born.de\/en\/","name":"GALERIE BORN","description":"GALLERY BORN","publisher":{"@id":"https:\/\/galerie-born.de\/en\/#organization"},"potentialAction":[{"@type":"SearchAction","target":{"@type":"EntryPoint","urlTemplate":"https:\/\/galerie-born.de\/en\/?s={search_term_string}"},"query-input":{"@type":"PropertyValueSpecification","valueRequired":true,"valueName":"search_term_string"}}],"inLanguage":"en-US"},{"@type":"Organization","@id":"https:\/\/galerie-born.de\/en\/#organization","name":"GALERIE BORN","url":"https:\/\/galerie-born.de\/en\/","logo":{"@type":"ImageObject","inLanguage":"en-US","@id":"https:\/\/galerie-born.de\/en\/#\/schema\/logo\/image\/","url":"https:\/\/galerie-born.de\/wp-content\/uploads\/2025\/10\/cropped-Galeri-born-favicon.png","contentUrl":"https:\/\/galerie-born.de\/wp-content\/uploads\/2025\/10\/cropped-Galeri-born-favicon.png","width":512,"height":512,"caption":"GALERIE BORN"},"image":{"@id":"https:\/\/galerie-born.de\/en\/#\/schema\/logo\/image\/"}},{"@type":"Person","@id":"https:\/\/galerie-born.de\/#\/schema\/person\/3f5bcaab814588d5c898904da4feccd7","name":"admin","image":{"@type":"ImageObject","inLanguage":"en-US","@id":"https:\/\/secure.gravatar.com\/avatar\/b187a62584e89a20ee9c55ace28583ac9ff787a32e4ba5ca7712ac65a2c94143?s=96&d=mm&r=g","url":"https:\/\/secure.gravatar.com\/avatar\/b187a62584e89a20ee9c55ace28583ac9ff787a32e4ba5ca7712ac65a2c94143?s=96&d=mm&r=g","contentUrl":"https:\/\/secure.gravatar.com\/avatar\/b187a62584e89a20ee9c55ace28583ac9ff787a32e4ba5ca7712ac65a2c94143?s=96&d=mm&r=g","caption":"admin"},"sameAs":["http:\/\/galerie-born.de"],"url":"https:\/\/galerie-born.de\/en\/author\/admin\/"}]}},"grid":"{\r\n  \"colCount\": 12,\r\n  \"colGutter\": 1,\r\n  \"rowGutters\": [\r\n    3\r\n  ],\r\n  \"frameMargin\": 5,\r\n  \"leftFrameMargin\": 1,\r\n  \"rightFrameMargin\": 1,\r\n  \"topFrameMargin\": 1,\r\n  \"bottomFrameMargin\": 10,\r\n  \"rowAttrs\": [\r\n    {},\r\n    {}\r\n  ],\r\n  \"bgColor\": null,\r\n  \"cont\": [\r\n    {\r\n      \"type\": \"text\",\r\n      \"cont\": \"<p>\u25cf Born a. Darss<\/p><p>Strawalde<br \/><em>Wahlverwandtschaften<\/em><br \/>September 9 \u2013 October 29, 2023<\/p><p>Opening<br \/>Saturday, September 9, 5 \u2013 8 pm<\/p><p>Opening hours on<br \/>September 28 \u2013 October 8, daily from 11 a.m. \u2013 5 p.m.<\/p><p>Opening hours on<br \/>Thu. Oct. 12 \u2013 Sun. Oct. 15, 2023<br \/>Thu. Oct. 19 \u2013 Sun. Oct. 22, 2023<br \/>Thu. Oct. 26 \u2013 Sun. Oct. 29, 2023<br \/>11 a.m. \u2013 5 p.m.<\/p>\",\r\n      \"align\": \"top\",\r\n      \"row\": 0,\r\n      \"col\": 3,\r\n      \"colspan\": 8,\r\n      \"offsetx\": 0,\r\n      \"offsety\": 0,\r\n      \"spaceabove\": 0,\r\n      \"spacebelow\": 0,\r\n      \"yvel\": 1,\r\n      \"push\": 3,\r\n      \"relid\": 387,\r\n      \"absolute_position\": false\r\n    },\r\n    {\r\n      \"type\": \"text\",\r\n      \"cont\": \"<p class=\\\"_Default\\\">Wahlverwandtschaften<\/p><p class=\\\"_Fliesstexte\\\">Drei Wochen ist es her, Besuch bei Strawalde im Berliner Atelier, da steht auf der Staffelei eine Arbeit im Mittelformat, die mich sofort in den Bann zog. Gemalt vor wenigen Tagen, \u00fcber\u00a0den 7.\/8. Juli, Strawaldes 92. Geburtstag. Es ist wahrlich nicht das erste Bild, das Strawalde an einem Geburtstag gemalt hat, da gibt es viele. Denn Geburtstagsfeiern sind nicht seine St\u00e4rke, nat\u00fcrlich haben in einem so langen Leben auch einige stattgefunden...\u00a0<\/p><p class=\\\"_Fliesstexte\\\">Sofort waren wir uns beide einig, dass diese Leinwand in der kommenden Ausstellung in der Galerie Born auf dem Darss gezeigt wird. \u00dcber den Titel wurde laut nachgedacht, \u201eWahlverwandtschaften\u201c war der Vorschlag des Meisters, \u201ewarum nicht\u201c war meine Erwiderung. Denn zu sehen sind auf der Leinwand drei \u201eFiguren\u201c, oder besser vielleicht Figurationen,\u00a0die immer wieder in seinen Arbeiten auftauchen, nat\u00fcrlich meist in anderen Zusammenstellungen. Aber unverkennbar die \u201eSchrift\u201c, das \u201eHerunterschreiben\u201c, wie Strawalde\u00a0manchmal seine Arbeitsweise umschreibt und die sich nat\u00fcrlich immer in seinem umfangreichen Werk \u00fcber die Jahrzehnte wiederfindet.\u00a0<\/p><p class=\\\"_Fliesstexte\\\">Wahlverwandtschaften, da f\u00e4llt einem nat\u00fcrlich gleich Goethe ein, in seinem gleichnamigen Roman geht es ja um Neukonstellationen von Beziehungen.\u00a0<\/p><p class=\\\"_Fliesstexte\\\">Und da ist man dann wieder bei der Planung einer Ausstellung, noch andere Arbeiten wurden nat\u00fcrlich ausgesucht. Und bei der Auswahl plant man auch immer gleich den kommenden Aufbau. Diese Leinwand an die eine Wand, daneben eine andere und so fort. Und dann, eine alte Erfahrung von mannigfachen Ausstellungsaufbauten: H\u00f6re auf die Kunstwerke.\u00a0Sie sagen Dir ganz selbstverst\u00e4ndlich, wie auch die Pflanzen in einem Garten, ob ihnen der Platz, die Nachbarschaft, sozusagen gef\u00e4llt, lass sie w\u00e4hlen. Fast automatisch (manchmal zumindest) baut sich so eine Ausstellung auf, f\u00e4ngt der Galerieraum an zu klingen.<\/p><p class=\\\"_Fliesstexte\\\">Matthias Fuhrmann im August 2023<\/p>\",\r\n      \"align\": \"top\",\r\n      \"row\": 1,\r\n      \"col\": 3,\r\n      \"colspan\": 8,\r\n      \"offsetx\": 0,\r\n      \"offsety\": 0,\r\n      \"spaceabove\": 0,\r\n      \"spacebelow\": 0,\r\n      \"yvel\": 1,\r\n      \"push\": 3,\r\n      \"relid\": 23,\r\n      \"absolute_position\": false\r\n    }\r\n  ]\r\n}","phonegrid":"","_links":{"self":[{"href":"https:\/\/galerie-born.de\/en\/wp-json\/wp\/v2\/posts\/16826","targetHints":{"allow":["GET"]}}],"collection":[{"href":"https:\/\/galerie-born.de\/en\/wp-json\/wp\/v2\/posts"}],"about":[{"href":"https:\/\/galerie-born.de\/en\/wp-json\/wp\/v2\/types\/post"}],"author":[{"embeddable":true,"href":"https:\/\/galerie-born.de\/en\/wp-json\/wp\/v2\/users\/1"}],"replies":[{"embeddable":true,"href":"https:\/\/galerie-born.de\/en\/wp-json\/wp\/v2\/comments?post=16826"}],"version-history":[{"count":0,"href":"https:\/\/galerie-born.de\/en\/wp-json\/wp\/v2\/posts\/16826\/revisions"}],"wp:featuredmedia":[{"embeddable":true,"href":"https:\/\/galerie-born.de\/en\/wp-json\/wp\/v2\/media\/16827"}],"wp:attachment":[{"href":"https:\/\/galerie-born.de\/en\/wp-json\/wp\/v2\/media?parent=16826"}],"wp:term":[{"taxonomy":"category","embeddable":true,"href":"https:\/\/galerie-born.de\/en\/wp-json\/wp\/v2\/categories?post=16826"},{"taxonomy":"post_tag","embeddable":true,"href":"https:\/\/galerie-born.de\/en\/wp-json\/wp\/v2\/tags?post=16826"}],"curies":[{"name":"wp","href":"https:\/\/api.w.org\/{rel}","templated":true}]}}